{"id":2992,"date":"2019-08-11T07:53:19","date_gmt":"2019-08-11T12:53:19","guid":{"rendered":"http:\/\/www.zonaroja.com.mx\/?p=2992"},"modified":"2019-08-11T07:53:22","modified_gmt":"2019-08-11T12:53:22","slug":"el-pri-elige-hoy-nueva-dirigencia-nacional-ganaria-alejandro-moreno","status":"publish","type":"post","link":"https:\/\/zonaroja.com.mx\/?p=2992","title":{"rendered":"El PRI elige hoy nueva dirigencia nacional; ganar\u00eda Alejandro Moreno"},"content":{"rendered":"\n<p>Redacci\u00f3n\/Zona\nRoja Cdmx.<\/p>\n\n\n\n<p>Ciudad de\nM\u00e9xico, 11 de agosto de 2019.- Este domingo, militantes del Partido\nRevolucionario Institucional (PRI) eligen hoy a su dirigencia nacional, para\nrelevar a Claudia Ruiz Massieu.<\/p>\n\n\n\n<p>Los\ncontendientes son Ivonne Ortega Pacheco, Lorena Pi\u00f1\u00f3n y Alejandro Moreno\nC\u00e1rdenas; el ex gobernador de Oaxaca, Ulises Ruiz Ortiz, quien tambi\u00e9n aspiraba\na contender, fue descartado por el Tribunal Electoral del Poder Judicial de la\nFederaci\u00f3n por no reunir los requisitos de la convocatoria.<\/p>\n\n\n\n<p>De acuerdo\ncon una encuesta publicada este s\u00e1bado por el peri\u00f3dico \u201cReforma\u201d, que da una\nventaja del 47 por ciento de intenci\u00f3n de votos a Moreno C\u00e1rdenas; el 24 por\nciento tiene Ivonne Ortega, Lorena Pi\u00f1\u00f3n tiene un 10 por ciento.<\/p>\n\n\n\n<p>En cuanto al\ntipo de opini\u00f3n que tiene la gente acerca de los candidatos, el 77 por ciento\nde los encuestados tiene una muy buena o buena percepci\u00f3n de Alejandro Morena y\ns\u00f3lo el 2 por ciento de muy mala o mala.<\/p>\n\n\n\n<p>Mientras que\npara Ivonne Ortega el 62 por ciento tiene una opini\u00f3n muy buena y buena y el\nseis por ciento una opini\u00f3n mala y muy mala.<\/p>\n\n\n\n<p>80 MILLONES<\/p>\n\n\n\n<p>De acuerdo\ncon fuentes del PRI, destinar\u00e1 80 millones de pesos para su elecci\u00f3n este\ndomingo, con sus propias reglas y recursos.<\/p>\n\n\n\n<p>Desde junio,\nluego de sufrir otro retroceso electoral, el Consejo Pol\u00edtico del PRI aval\u00f3 la\nv\u00eda del voto directo y secreto de los militantes para elegir a la dupla que\nhabr\u00e1 de conducirlos en el periodo estatutario 2019-2023.<\/p>\n\n\n\n<p>En el camino\nquedaron algunos aspirantes, como el doctor Jos\u00e9 Narro, ex secretario de Salud\ny ex rector de la UNAM, quien se retir\u00f3 de manera temprana de la contienda al\nadvertir graves irregularidades y \u201ccargada \u201c de la maquinaria tricolor en favor\nde uno de los candidatos.<\/p>\n\n\n\n<p>Tras 45 d\u00edas\nde campa\u00f1a, hoy es la elecci\u00f3n, pero los resultados oficiales y definitivos se\ndar\u00e1n a conocer el pr\u00f3ximo mi\u00e9rcoles.<\/p>\n\n\n\n<p>La jornada\nelectoral ser\u00e1 de las 9:00 a las 17:00 horas; el partido planea instalar poco\nm\u00e1s de seis mil mesas receptoras del voto en todo el pa\u00eds, puntos en los que\nhabr\u00e1 copia del padr\u00f3n de 6.7 millones de militantes con derecho a voto.<\/p>\n\n\n\n<p>En la\nelecci\u00f3n de la nueva dirigencia nacional para el per\u00edodo 2019-2023 participan\ntres f\u00f3rmulas: Alejandro Moreno C\u00e1rdenas y Carolina Viggiano Austria; Ivonne\nOrtega Pacheco y Jos\u00e9 Alfaro C\u00e1zares; y la integrada por Lorena Pi\u00f1\u00f3n Rivera y\nDaniel Santos Flores.<\/p>\n\n\n\n<p>EN OAXACA<\/p>\n\n\n\n<p>En Oaxaca se\ninstalar\u00e1n 333 mesas receptoras en 293 municipios del estado en los 25\ndistritos electorales, inform\u00f3 el PRI estatal.<\/p>\n","protected":false},"excerpt":{"rendered":"<p>Redacci\u00f3n\/Zona Roja Cdmx. Ciudad de M\u00e9xico, 11 de agosto de 2019.- Este domingo, militantes del&hellip;<\/p>\n","protected":false},"author":2,"featured_media":2993,"comment_status":"closed","ping_status":"open","sticky":false,"template":"","format":"standard","meta":{"_lmt_disableupdate":"","_lmt_disable":"","_jetpack_memberships_contains_paid_content":false,"footnotes":""},"categories":[109,46],"tags":[531],"class_list":["post-2992","post","type-post","status-publish","format-standard","has-post-thumbnail","hentry","category-minuto-a-minuto","category-zona-blanca","tag-elecciones-dirigencia-pri"],"jetpack_featured_media_url":"https:\/\/zonaroja.com.mx\/wp-content\/uploads\/2019\/08\/PRI.jpg","jetpack_sharing_enabled":true,"_links":{"self":[{"href":"https:\/\/zonaroja.com.mx\/index.php?rest_route=\/wp\/v2\/posts\/2992","targetHints":{"allow":["GET"]}}],"collection":[{"href":"https:\/\/zonaroja.com.mx\/index.php?rest_route=\/wp\/v2\/posts"}],"about":[{"href":"https:\/\/zonaroja.com.mx\/index.php?rest_route=\/wp\/v2\/types\/post"}],"author":[{"embeddable":true,"href":"https:\/\/zonaroja.com.mx\/index.php?rest_route=\/wp\/v2\/users\/2"}],"replies":[{"embeddable":true,"href":"https:\/\/zonaroja.com.mx\/index.php?rest_route=%2Fwp%2Fv2%2Fcomments&post=2992"}],"version-history":[{"count":1,"href":"https:\/\/zonaroja.com.mx\/index.php?rest_route=\/wp\/v2\/posts\/2992\/revisions"}],"predecessor-version":[{"id":2994,"href":"https:\/\/zonaroja.com.mx\/index.php?rest_route=\/wp\/v2\/posts\/2992\/revisions\/2994"}],"wp:featuredmedia":[{"embeddable":true,"href":"https:\/\/zonaroja.com.mx\/index.php?rest_route=\/wp\/v2\/media\/2993"}],"wp:attachment":[{"href":"https:\/\/zonaroja.com.mx\/index.php?rest_route=%2Fwp%2Fv2%2Fmedia&parent=2992"}],"wp:term":[{"taxonomy":"category","embeddable":true,"href":"https:\/\/zonaroja.com.mx\/index.php?rest_route=%2Fwp%2Fv2%2Fcategories&post=2992"},{"taxonomy":"post_tag","embeddable":true,"href":"https:\/\/zonaroja.com.mx\/index.php?rest_route=%2Fwp%2Fv2%2Ftags&post=2992"}],"curies":[{"name":"wp","href":"https:\/\/api.w.org\/{rel}","templated":true}]}}