{"id":29945,"date":"2021-07-20T07:30:19","date_gmt":"2021-07-20T12:30:19","guid":{"rendered":"http:\/\/www.zonaroja.com.mx\/?p=29945"},"modified":"2021-07-20T07:30:22","modified_gmt":"2021-07-20T12:30:22","slug":"detiene-fiscalia-a-dos-mas-implicados-en-desaparicion-y-crimen-de-claudia-uruchurtu","status":"publish","type":"post","link":"https:\/\/zonaroja.com.mx\/?p=29945","title":{"rendered":"Detiene Fiscal\u00eda a dos m\u00e1s, implicados en desaparici\u00f3n y crimen de Claudia Uruchurtu"},"content":{"rendered":"\n<p>Ismael Garc\u00eda M.\/Zona Roja.<\/p>\n\n\n\n<p>Oaxaca de Ju\u00e1rez, Oax., 20 de julio de 2021.- A casi cuatro meses de la desaparici\u00f3n, la Fiscal\u00eda General del Estado de Oaxaca detuvo a otras dos personas implicadas en el caso Claudia Uruchurtu Cruz, de quien la instituci\u00f3n busca sus restos.<\/p>\n\n\n\n<p>Se trata de Janet V., esposa de Juan Antonio H. M., alias \u201cEl Centinela\u201d, quien era guardia de seguridad de la presidenta municipal de Asunci\u00f3n Nochixtl\u00e1n, Lizbet V. H.<\/p>\n\n\n\n<p>Asimismo, un individuo identificado como R. A., alias \u201cEl Gre\u00f1as\u201d o \u201cEl Colas\u201d; fueron aprehendidos el pasado s\u00e1bado, una en jurisdicci\u00f3n de San Andr\u00e9s Huay\u00e1pam, colindante con la capital de Oaxaca por la zona oriente, y otro en Santa Rosa Panzacola; fueron puestos a disposici\u00f3n de un juez.<\/p>\n\n\n\n<p>Con estas aprehensiones, suman cinco las personas detenidas por la desaparici\u00f3n de Claudia Uruchurtu, ocurrida la noche del 26 de marzo en Nochixtl\u00e1n y quien ya habr\u00eda sido asesinada, de acuerdo con la Fiscal\u00eda General.<\/p>\n\n\n\n<p>El pasado 7 de mayo fueron detenidos la alcaldesa de Nochixtl\u00e1n, Lizbeth V. H., quien buscaba la reelecci\u00f3n en el cargo por el Partido Morena; Juan Antonio H. M. y Johan Ricardo M. M, funcionarios del ayuntamiento, bajo el delito de desaparici\u00f3n forzada de personas.<\/p>\n\n\n\n<p>De acuerdo con fuentes de la Fiscal\u00eda General del Estado, se indaga si \u201cEl Centinela\u201d habr\u00eda participado en la muerte de Claudia Uruchurtu, mientras que \u201cEl Gre\u00f1as\u201d habr\u00eda sido el encargado de desaparecerla y tirarla en inmediaciones de Matadamas, Etla, seg\u00fan un testigo protegido.<\/p>\n\n\n\n<p>En esa zona, desde el pasado martes personal federal y estatal especializado realiz\u00f3 por al menos cinco d\u00edas recopilaci\u00f3n de restos humanos, que podr\u00edan ser de la activista desaparecida en Nochixtl\u00e1n.<\/p>\n\n\n\n<p>Por otra parte, la Sexta Sala Penal del Tribunal Superior de Justicia confirm\u00f3 el auto de vinculaci\u00f3n a proceso contra de la presidenta municipal de Asunci\u00f3n Nochixtl\u00e1n, Lizbeth V. H. y sus presuntos c\u00f3mplices Juan Antonio H. M. y Johan Ricardo M.M., por su probable participaci\u00f3n en la desaparici\u00f3n forzada de la activista brit\u00e1nico-mexicana.<\/p>\n\n\n\n<p>Los magistrados del Tribunal Superior de Justicia, luego de analizar las pruebas aportadas por el agente del Ministerio P\u00fablico, confirmaron la vinculaci\u00f3n a proceso y la pr\u00f3xima audiencia podr\u00eda ser el 13 de septiembre para que ambas partes presenten sus pruebas y fijar la fecha del juicio.<\/p>\n","protected":false},"excerpt":{"rendered":"<p>Ismael Garc\u00eda M.\/Zona Roja. Oaxaca de Ju\u00e1rez, Oax., 20 de julio de 2021.- A casi&hellip;<\/p>\n","protected":false},"author":2,"featured_media":27305,"comment_status":"closed","ping_status":"open","sticky":false,"template":"","format":"standard","meta":{"_lmt_disableupdate":"","_lmt_disable":"","_jetpack_memberships_contains_paid_content":false,"footnotes":""},"categories":[109,47],"tags":[2582,2083],"class_list":["post-29945","post","type-post","status-publish","format-standard","has-post-thumbnail","hentry","category-minuto-a-minuto","category-zona-gris","tag-claudia-uruchurtu-cruz","tag-lizbeth-victoria-huerta"],"jetpack_featured_media_url":"https:\/\/zonaroja.com.mx\/wp-content\/uploads\/2021\/05\/Hermanas-de-Claudia-Uruchurtu.jpg","jetpack_sharing_enabled":true,"_links":{"self":[{"href":"https:\/\/zonaroja.com.mx\/index.php?rest_route=\/wp\/v2\/posts\/29945","targetHints":{"allow":["GET"]}}],"collection":[{"href":"https:\/\/zonaroja.com.mx\/index.php?rest_route=\/wp\/v2\/posts"}],"about":[{"href":"https:\/\/zonaroja.com.mx\/index.php?rest_route=\/wp\/v2\/types\/post"}],"author":[{"embeddable":true,"href":"https:\/\/zonaroja.com.mx\/index.php?rest_route=\/wp\/v2\/users\/2"}],"replies":[{"embeddable":true,"href":"https:\/\/zonaroja.com.mx\/index.php?rest_route=%2Fwp%2Fv2%2Fcomments&post=29945"}],"version-history":[{"count":1,"href":"https:\/\/zonaroja.com.mx\/index.php?rest_route=\/wp\/v2\/posts\/29945\/revisions"}],"predecessor-version":[{"id":29946,"href":"https:\/\/zonaroja.com.mx\/index.php?rest_route=\/wp\/v2\/posts\/29945\/revisions\/29946"}],"wp:featuredmedia":[{"embeddable":true,"href":"https:\/\/zonaroja.com.mx\/index.php?rest_route=\/wp\/v2\/media\/27305"}],"wp:attachment":[{"href":"https:\/\/zonaroja.com.mx\/index.php?rest_route=%2Fwp%2Fv2%2Fmedia&parent=29945"}],"wp:term":[{"taxonomy":"category","embeddable":true,"href":"https:\/\/zonaroja.com.mx\/index.php?rest_route=%2Fwp%2Fv2%2Fcategories&post=29945"},{"taxonomy":"post_tag","embeddable":true,"href":"https:\/\/zonaroja.com.mx\/index.php?rest_route=%2Fwp%2Fv2%2Ftags&post=29945"}],"curies":[{"name":"wp","href":"https:\/\/api.w.org\/{rel}","templated":true}]}}