{"id":29947,"date":"2021-07-20T08:04:42","date_gmt":"2021-07-20T13:04:42","guid":{"rendered":"http:\/\/www.zonaroja.com.mx\/?p=29947"},"modified":"2021-07-20T08:04:45","modified_gmt":"2021-07-20T13:04:45","slug":"justicia-para-amanda-piden-en-change-fue-abusada-en-putla","status":"publish","type":"post","link":"https:\/\/zonaroja.com.mx\/?p=29947","title":{"rendered":"Justicia para Amanda, piden en Change; fue abusada en Putla"},"content":{"rendered":"\n<p>Evlin Arag\u00f3n\/Zona Roja.<\/p>\n\n\n\n<p>Oaxaca de Ju\u00e1rez, Oax., 20 de julio de 2021.- En diciembre del 2020, Amanda fue drogada con una bebida adulterada, sacada del lugar donde se encontraba, abusada sexualmente y desaparecida por unas horas en el municipio de Putla Villa de Guerrero.&nbsp;<\/p>\n\n\n\n<p>Ella y su familia han iniciado una lucha para que su caso no sea visto como una cifra m\u00e1s, pese a la complicidad e impunidad que impera en el sistema de procuraci\u00f3n de justicia en la entidad oaxaque\u00f1a, ya que, aunque una de las personas que la sustrajo ha sido plenamente identificado, no ha sido detenido.<\/p>\n\n\n\n<p>La desidia de las autoridades, ha llevado a la joven a encabezar una campa\u00f1a de recaudaci\u00f3n de firmas a trav\u00e9s de la plataforma Change.org para exigir justicia para ella y todas las mujeres que han sido v\u00edctimas de violencia de g\u00e9nero en el municipio.&nbsp;<\/p>\n\n\n\n<p>\u201cMi familia busca justicia para m\u00ed, pero no queremos que quede ah\u00ed. Que lo que me paso sirva para mejorar la situaci\u00f3n de justicia en Putla. Que las nuevas generaciones no tengan que crecer con miedo\u201d, refiere la solicitud de firmas que, aunque lleva algunos meses activa, a\u00fan no ha recibido el apoyo esperado y no se ha viralizado.&nbsp;<\/p>\n\n\n\n<p>Como parte de sus peticiones, se encuentra la atenci\u00f3n inmediata y con perspectiva de g\u00e9nero a todas las carpetas de investigaci\u00f3n en delitos contra las mujeres que se encuentren en Fiscal\u00eda de Putla Villa de Guerrero, instancia que aseguran debe contar con instalaciones dignas y eficientes para llevar a cabo su trabajo.&nbsp;<\/p>\n\n\n\n<p>La petici\u00f3n en change.org tambi\u00e9n incluye acciones reales para prevenir, erradicar y sancionar todo tipo de violencia, incluida la difusi\u00f3n en p\u00e1ginas y redes sociales institucionales del gobierno municipal; la integraci\u00f3n de una direcci\u00f3n de prevenci\u00f3n del delito, que incluya los programas de mujer segura, botones de p\u00e1nico y retenes.&nbsp;<\/p>\n\n\n\n<p>Que se respeten los puntos emitidos en la Alerta de Violencia de G\u00e9nero contra las Mujeres, especialmente la conformaci\u00f3n del Consejo Municipal para la prevenci\u00f3n, atenci\u00f3n, sanci\u00f3n y erradicaci\u00f3n de la violencia de g\u00e9nero contra las mujeres; y de forma generalizada justicia para todas las mujeres de Putla que han sido v\u00edctimas de la violencia de g\u00e9nero y feminicida.&nbsp;<\/p>\n\n\n\n<p>Finalmente, piden disculpas p\u00fablicas por parte de las autoridades que han revictimizado a las mujeres, al grado de intimidarlas para evitar que denuncien, particularmente la destituci\u00f3n de los agentes de investigaci\u00f3n Williams Cerqueda B. y Arturo C\u00e9sar Rodr\u00edguez L.<\/p>\n\n\n\n<p>Asimismo, que se d\u00e9 el seguimiento puntual de las denuncias de acoso sexual por parte de alumnas del Cobao 06 de Putla y una disculpa p\u00fablica por parte de los medios de comunicaci\u00f3n que han publicado fotograf\u00eda de las mujeres asesinadas en la localidad.&nbsp;<\/p>\n","protected":false},"excerpt":{"rendered":"<p>Evlin Arag\u00f3n\/Zona Roja. Oaxaca de Ju\u00e1rez, Oax., 20 de julio de 2021.- En diciembre del&hellip;<\/p>\n","protected":false},"author":2,"featured_media":14265,"comment_status":"closed","ping_status":"open","sticky":false,"template":"","format":"standard","meta":{"_lmt_disableupdate":"","_lmt_disable":"","_jetpack_memberships_contains_paid_content":false,"footnotes":""},"categories":[109,47],"tags":[969],"class_list":["post-29947","post","type-post","status-publish","format-standard","has-post-thumbnail","hentry","category-minuto-a-minuto","category-zona-gris","tag-putla-villa-de-guerrero"],"jetpack_featured_media_url":"https:\/\/zonaroja.com.mx\/wp-content\/uploads\/2020\/06\/Putla-Villa-de-Guerrero.jpg","jetpack_sharing_enabled":true,"_links":{"self":[{"href":"https:\/\/zonaroja.com.mx\/index.php?rest_route=\/wp\/v2\/posts\/29947","targetHints":{"allow":["GET"]}}],"collection":[{"href":"https:\/\/zonaroja.com.mx\/index.php?rest_route=\/wp\/v2\/posts"}],"about":[{"href":"https:\/\/zonaroja.com.mx\/index.php?rest_route=\/wp\/v2\/types\/post"}],"author":[{"embeddable":true,"href":"https:\/\/zonaroja.com.mx\/index.php?rest_route=\/wp\/v2\/users\/2"}],"replies":[{"embeddable":true,"href":"https:\/\/zonaroja.com.mx\/index.php?rest_route=%2Fwp%2Fv2%2Fcomments&post=29947"}],"version-history":[{"count":1,"href":"https:\/\/zonaroja.com.mx\/index.php?rest_route=\/wp\/v2\/posts\/29947\/revisions"}],"predecessor-version":[{"id":29948,"href":"https:\/\/zonaroja.com.mx\/index.php?rest_route=\/wp\/v2\/posts\/29947\/revisions\/29948"}],"wp:featuredmedia":[{"embeddable":true,"href":"https:\/\/zonaroja.com.mx\/index.php?rest_route=\/wp\/v2\/media\/14265"}],"wp:attachment":[{"href":"https:\/\/zonaroja.com.mx\/index.php?rest_route=%2Fwp%2Fv2%2Fmedia&parent=29947"}],"wp:term":[{"taxonomy":"category","embeddable":true,"href":"https:\/\/zonaroja.com.mx\/index.php?rest_route=%2Fwp%2Fv2%2Fcategories&post=29947"},{"taxonomy":"post_tag","embeddable":true,"href":"https:\/\/zonaroja.com.mx\/index.php?rest_route=%2Fwp%2Fv2%2Ftags&post=29947"}],"curies":[{"name":"wp","href":"https:\/\/api.w.org\/{rel}","templated":true}]}}