{"id":29949,"date":"2021-07-20T08:12:38","date_gmt":"2021-07-20T13:12:38","guid":{"rendered":"http:\/\/www.zonaroja.com.mx\/?p=29949"},"modified":"2021-07-20T08:12:42","modified_gmt":"2021-07-20T13:12:42","slug":"poder-judicial-de-oaxaca-da-prioridad-a-proteccion-de-derechos-de-ninez","status":"publish","type":"post","link":"https:\/\/zonaroja.com.mx\/?p=29949","title":{"rendered":"Poder Judicial de Oaxaca da prioridad a protecci\u00f3n de derechos de ni\u00f1ez"},"content":{"rendered":"\n<p>Redacci\u00f3n\/Zona Roja.<\/p>\n\n\n\n<p>Oaxaca de Ju\u00e1rez, Oax., 20 de julio de 2021.- La familia es el n\u00facleo b\u00e1sico de la sociedad, por lo cual, la ley reconoce que uno de los derechos y obligaciones que tienen los padres sobre sus hijos comprenden el cuidado, atenci\u00f3n, alimentaci\u00f3n y educaci\u00f3n, pues es su deber satisfacer todas las necesidades de los menores de edad, as\u00ed como proporcionarles los medios necesarios para que obtengan un sano desarrollo pese a una separaci\u00f3n familiar.<\/p>\n\n\n\n<p>En este sentido, el Poder Judicial del Estado, con el objetivo de proteger el Inter\u00e9s Superior de la Ni\u00f1ez, procura que todas las determinaciones que se tomen en un \u00f3rgano jurisdiccional est\u00e9n encaminadas a la mayor protecci\u00f3n de los derechos de las ni\u00f1as, ni\u00f1os y adolescentes, lo que incluye que los padres cumplan con absolutamente todos los deberes que tiene legalmente con sus hijos.<\/p>\n\n\n\n<p>Al respecto, Mar\u00eda de Lourdes Rojas R\u00edos, jueza Sexto Familiar del Centro se\u00f1al\u00f3 que la intervenci\u00f3n de un juez en esta materia se relaciona con la sensibilizaci\u00f3n sobre lo que implica para los ni\u00f1os, ni\u00f1as y adolescentes una ruptura familiar, pues tras la separaci\u00f3n generan sentimientos de abandono, desprotecci\u00f3n, baja autoestima, depresi\u00f3n y pierden el deseo de vivir en casos extremos, cuando las familias son de alto conflicto.<\/p>\n\n\n\n<p>\u201cLa labor es hacer conscientes a ambos padres que la ruptura es un problema y un desequilibrio emocional para el ni\u00f1o, donde deben anteponer el inter\u00e9s de sus hijos al propio. Entonces son ellos los que conforme al art\u00edculo Cuarto Constitucional est\u00e1n obligados a protegerlos, a cubrir todas sus necesidades para cuidar tambi\u00e9n su estabilidad f\u00edsica y emocional\u201d, resalt\u00f3.<\/p>\n\n\n\n<p>Explic\u00f3 que dentro de los derechos fundamentales de los infantes en una situaci\u00f3n de disoluci\u00f3n familiar, se encuentra establecido que ambos padres establezcan un convenio donde acuerden el cumplimiento de obligaciones como el pago de la pensi\u00f3n alimenticia, guarda y custodia, as\u00ed como el r\u00e9gimen de convivencia.<\/p>\n\n\n\n<p>Con este \u00faltimo, se refuerzan los sentimientos afectivos que conducen a una integridad, plenitud personal, familiar y social, convirti\u00e9ndolo en un elemento esencial para alcanzar el pleno desarrollo de la personalidad, sobre todo trat\u00e1ndose de menores de edad.<\/p>\n\n\n\n<p>Por otra parte, salvaguardando el Inter\u00e9s Superior de la Ni\u00f1ez y la protecci\u00f3n a grupos vulnerados, el Poder Judicial del Estado, a trav\u00e9s de la caja-ventanilla del Fondo para la Administraci\u00f3n de Justicia, contin\u00faa y no ha suspendido en ning\u00fan momento el pago de pensiones alimenticias, tr\u00e1mite que se realiza con las restricciones necesarias como parte de las medidas de protecci\u00f3n para evitar la propagaci\u00f3n del coronavirus Covid-19.<\/p>\n\n\n\n<p>Para informaci\u00f3n sobre alg\u00fan tr\u00e1mite judicial, duda o servicio se pone a disposici\u00f3n de la ciudadan\u00eda el Centro de Respuesta Inmediata Justiciatel al n\u00famero 800 719 22 32.<\/p>\n","protected":false},"excerpt":{"rendered":"<p>Redacci\u00f3n\/Zona Roja. Oaxaca de Ju\u00e1rez, Oax., 20 de julio de 2021.- La familia es el&hellip;<\/p>\n","protected":false},"author":2,"featured_media":29950,"comment_status":"closed","ping_status":"open","sticky":false,"template":"","format":"standard","meta":{"_lmt_disableupdate":"","_lmt_disable":"","_jetpack_memberships_contains_paid_content":false,"footnotes":""},"categories":[109,46],"tags":[223],"class_list":["post-29949","post","type-post","status-publish","format-standard","has-post-thumbnail","hentry","category-minuto-a-minuto","category-zona-blanca","tag-poder-judicial-de-oaxaca"],"jetpack_featured_media_url":"https:\/\/zonaroja.com.mx\/wp-content\/uploads\/2021\/07\/Mediante-buzones-Juzgados-del-PJEO-reciben-demandas-y-promociones.jpg","jetpack_sharing_enabled":true,"_links":{"self":[{"href":"https:\/\/zonaroja.com.mx\/index.php?rest_route=\/wp\/v2\/posts\/29949","targetHints":{"allow":["GET"]}}],"collection":[{"href":"https:\/\/zonaroja.com.mx\/index.php?rest_route=\/wp\/v2\/posts"}],"about":[{"href":"https:\/\/zonaroja.com.mx\/index.php?rest_route=\/wp\/v2\/types\/post"}],"author":[{"embeddable":true,"href":"https:\/\/zonaroja.com.mx\/index.php?rest_route=\/wp\/v2\/users\/2"}],"replies":[{"embeddable":true,"href":"https:\/\/zonaroja.com.mx\/index.php?rest_route=%2Fwp%2Fv2%2Fcomments&post=29949"}],"version-history":[{"count":1,"href":"https:\/\/zonaroja.com.mx\/index.php?rest_route=\/wp\/v2\/posts\/29949\/revisions"}],"predecessor-version":[{"id":29951,"href":"https:\/\/zonaroja.com.mx\/index.php?rest_route=\/wp\/v2\/posts\/29949\/revisions\/29951"}],"wp:featuredmedia":[{"embeddable":true,"href":"https:\/\/zonaroja.com.mx\/index.php?rest_route=\/wp\/v2\/media\/29950"}],"wp:attachment":[{"href":"https:\/\/zonaroja.com.mx\/index.php?rest_route=%2Fwp%2Fv2%2Fmedia&parent=29949"}],"wp:term":[{"taxonomy":"category","embeddable":true,"href":"https:\/\/zonaroja.com.mx\/index.php?rest_route=%2Fwp%2Fv2%2Fcategories&post=29949"},{"taxonomy":"post_tag","embeddable":true,"href":"https:\/\/zonaroja.com.mx\/index.php?rest_route=%2Fwp%2Fv2%2Ftags&post=29949"}],"curies":[{"name":"wp","href":"https:\/\/api.w.org\/{rel}","templated":true}]}}