{"id":29952,"date":"2021-07-20T08:30:08","date_gmt":"2021-07-20T13:30:08","guid":{"rendered":"http:\/\/www.zonaroja.com.mx\/?p=29952"},"modified":"2021-07-20T08:30:11","modified_gmt":"2021-07-20T13:30:11","slug":"se-suma-protestas-en-salud-la-jurisdiccion-sanitaria-sierra","status":"publish","type":"post","link":"https:\/\/zonaroja.com.mx\/?p=29952","title":{"rendered":"Se suma protestas en Salud la Jurisdicci\u00f3n Sanitaria Sierra"},"content":{"rendered":"\n<p>Ismael Garc\u00eda M.\/Zona Roja.<\/p>\n\n\n\n<p>Oaxaca de Ju\u00e1rez, Oax., 20 de julio de 2021.- A las m\u00faltiples protestas que enfrentan los Servicios de Salud de Oaxaca, se sum\u00f3 hoy la de personal de la Jurisdicci\u00f3n Sanitaria n\u00famero 6, Sierra, con sede en Tlacolula de Matamoros.<\/p>\n\n\n\n<p>Adem\u00e1s de parar labores en centros de salud y cl\u00ednicas que atiende, principalmente de la regi\u00f3n Valles Centrales y parte de la Sierra Norte, prev\u00e9n efectuar movilizaciones en la capital.<\/p>\n\n\n\n<p>La raz\u00f3n, de acuerdo con un oficio dirigido a la dirigencia de la Secci\u00f3n 35 del Sindicato Nacional de Trabajadores de la Secretar\u00eda de Salud, es por la \u201capat\u00eda, falta de compromiso institucional, irresponsabilidad en el ejercicio de sus funciones de los diferentes directivos de los SSO\u201d.<\/p>\n\n\n\n<p>Asimismo, seg\u00fan el documento que signa el representante sindical, Rusbelth Pascual Le\u00f3n, son demasiadas las omisiones y actitud negativa de cumplir los acuerdos entablados en diferentes reuniones y mesas de trabajo.<\/p>\n\n\n\n<p>Entre ellas se encuentran minutas firmadas en noviembre del a\u00f1o pasado, febrero, mayo, junio y julio de este a\u00f1o, que siguen si cumplirse.<\/p>\n\n\n\n<p>A\u00f1ade que a\u00fan hay pagos pendientes al personal, as\u00ed como dotaci\u00f3n de equipos de trabajo, insumos y medicamentos.<\/p>\n\n\n\n<p>\u201cSabemos las repercusiones que tiene para la ciudadan\u00eda y los usuarios de los centros de salud de la Sierra Norte, el que mantengamos cerradas las cl\u00ednicas y unidades m\u00e9dicas en el marco de la contingencia sanitaria, de ah\u00ed la importancia de solventarnos las necesidades expuestas.<\/p>\n\n\n\n<p>\u201cAsimismo, una vez que retornemos a laborar, iniciaremos un esquema de guardias en las diferentes unidades m\u00e9dicas, dado el desabasto de equipos de protecci\u00f3n personal (Covid-19) para los trabajadores\u201d, remarcan.<\/p>\n","protected":false},"excerpt":{"rendered":"<p>Ismael Garc\u00eda M.\/Zona Roja. Oaxaca de Ju\u00e1rez, Oax., 20 de julio de 2021.- A las&hellip;<\/p>\n","protected":false},"author":2,"featured_media":29953,"comment_status":"closed","ping_status":"open","sticky":false,"template":"","format":"standard","meta":{"_lmt_disableupdate":"","_lmt_disable":"","_jetpack_memberships_contains_paid_content":false,"footnotes":""},"categories":[109,47],"tags":[1005],"class_list":["post-29952","post","type-post","status-publish","format-standard","has-post-thumbnail","hentry","category-minuto-a-minuto","category-zona-gris","tag-servicios-de-salud-de-oaxaca-sso"],"jetpack_featured_media_url":"https:\/\/zonaroja.com.mx\/wp-content\/uploads\/2021\/07\/Jurisdiccion-Sanitaria-Sierra.jpg","jetpack_sharing_enabled":true,"_links":{"self":[{"href":"https:\/\/zonaroja.com.mx\/index.php?rest_route=\/wp\/v2\/posts\/29952","targetHints":{"allow":["GET"]}}],"collection":[{"href":"https:\/\/zonaroja.com.mx\/index.php?rest_route=\/wp\/v2\/posts"}],"about":[{"href":"https:\/\/zonaroja.com.mx\/index.php?rest_route=\/wp\/v2\/types\/post"}],"author":[{"embeddable":true,"href":"https:\/\/zonaroja.com.mx\/index.php?rest_route=\/wp\/v2\/users\/2"}],"replies":[{"embeddable":true,"href":"https:\/\/zonaroja.com.mx\/index.php?rest_route=%2Fwp%2Fv2%2Fcomments&post=29952"}],"version-history":[{"count":1,"href":"https:\/\/zonaroja.com.mx\/index.php?rest_route=\/wp\/v2\/posts\/29952\/revisions"}],"predecessor-version":[{"id":29954,"href":"https:\/\/zonaroja.com.mx\/index.php?rest_route=\/wp\/v2\/posts\/29952\/revisions\/29954"}],"wp:featuredmedia":[{"embeddable":true,"href":"https:\/\/zonaroja.com.mx\/index.php?rest_route=\/wp\/v2\/media\/29953"}],"wp:attachment":[{"href":"https:\/\/zonaroja.com.mx\/index.php?rest_route=%2Fwp%2Fv2%2Fmedia&parent=29952"}],"wp:term":[{"taxonomy":"category","embeddable":true,"href":"https:\/\/zonaroja.com.mx\/index.php?rest_route=%2Fwp%2Fv2%2Fcategories&post=29952"},{"taxonomy":"post_tag","embeddable":true,"href":"https:\/\/zonaroja.com.mx\/index.php?rest_route=%2Fwp%2Fv2%2Ftags&post=29952"}],"curies":[{"name":"wp","href":"https:\/\/api.w.org\/{rel}","templated":true}]}}