{"id":29958,"date":"2021-07-20T12:03:11","date_gmt":"2021-07-20T17:03:11","guid":{"rendered":"https:\/\/www.zonaroja.com.mx\/?p=29958"},"modified":"2021-07-20T16:01:26","modified_gmt":"2021-07-20T21:01:26","slug":"planton-triqui-permanecera-hasta-conseguir-retorno-seguro-a-tierra-blanca","status":"publish","type":"post","link":"https:\/\/zonaroja.com.mx\/?p=29958","title":{"rendered":"\u201cPlant\u00f3n\u201d triqui permanecer\u00e1 hasta conseguir retorno seguro a Tierra Blanca"},"content":{"rendered":"\n<p class=\"MsoNormal\">Evlin Arag\u00f3n\/Zona Roja.&nbsp;<\/p>\n\n\n\n<p class=\"MsoNormal\">&nbsp;Oaxaca de Ju\u00e1rez, Oax.. 20 de julio de 2021.-&nbsp;\u201cEl d\u00eda que digan que est\u00e1 listo el retorno, seguro nos vamos. De aqu\u00ed nos levantamos para irnos derechito a Tierra Blanca\u201d.&nbsp;<\/p>\n\n\n\n<p class=\"MsoNormal\">Son las palabras de Bella Alejandra, integrante del Movimiento de Unificaci\u00f3n y Lucha Triqui (MULTI) y una de las muchas desplazadas por la violencia que se registr\u00f3 en Tierra Blanca Copala, en diciembre del 2020, y quien asegura ya no quieren promesas ni minutas firmadas con las autoridades, lo \u00fanico que quieren es poder regresar a su lugar de origen de manera segura.&nbsp;&nbsp;<\/p>\n\n\n\n<p class=\"MsoNormal\">En medio del \u201cplant\u00f3n\u201d que instalaron,&nbsp;desde la tarde&nbsp;de ayer, en el crucero de Hacienda Blanca, San Pablo Etla, la joven mujer recuerda que han pasado ya siete meses de los hechos y \u00fanicamente han obtenido promesa de un retorno, por parte de las autoridades, mismo que no se ha consolidado.&nbsp;<\/p>\n\n\n\n<p class=\"MsoNormal\">\u201cEstamos aqu\u00ed exigiendo un retorno seguro para nuestro pueblo Tierra Blanca de donde fuimos desplazados. El 26 de diciembre de 2020 empez\u00f3 la balacera cuando entr\u00f3 el grupo paramilitar MULT ah\u00ed en nuestro pueblo a desplazarnos\u201d, relat\u00f3.&nbsp;<\/p>\n\n\n\n<p class=\"MsoNormal\">Explic\u00f3 que son m\u00e1s de 150 familias, incluidas personas de la tercera edad, y un aproximado de 15 ni\u00f1as y ni\u00f1os, las desplazadas, mismas que han decidido instalarse en plant\u00f3n como medida de presi\u00f3n para conseguir una pronta actuaci\u00f3n por parte del gobierno de Oaxaca.\u00a0<\/p>\n\n\n\n<figure class=\"wp-block-embed-twitter wp-block-embed is-type-rich is-provider-twitter\"><div class=\"wp-block-embed__wrapper\">\n<div class=\"twitter-tweet\"><blockquote class=\"twitter-tweet\" data-lang=\"es\"><p lang=\"es\" dir=\"ltr\"><a href=\"https:\/\/twitter.com\/hashtag\/%C3%9AltimoMinuto?src=hash&amp;ref_src=twsrc%5Etfw\">#\u00daltimoMinuto<\/a> <br>Tome sus precauciones; cientos de unidades de motor varadas e intenso tr\u00e1fico vehicular en la zona poniente de la capital de <a href=\"https:\/\/twitter.com\/hashtag\/Oaxaca?src=hash&amp;ref_src=twsrc%5Etfw\">#Oaxaca<\/a>, por el bloqueo del <a href=\"https:\/\/twitter.com\/MULTI_Oficial1?ref_src=twsrc%5Etfw\">@MULTI_Oficial1<\/a> a la v\u00eda federal 190, a la altura del crucero de Hacienda Blanca, San Pablo, Etla. <a href=\"https:\/\/t.co\/sQQZemn7qh\">pic.twitter.com\/sQQZemn7qh<\/a><\/p>&mdash; Zona Roja Oaxaca (@Zona_Roja_Oax) <a href=\"https:\/\/twitter.com\/Zona_Roja_Oax\/status\/1417492215304265731?ref_src=twsrc%5Etfw\">20 de julio de 2021<\/a><\/blockquote><\/div>\n<\/div><\/figure>\n\n\n\n<p class=\"MsoNormal\">LIBERTAD PRESOS POL\u00cdTICO&nbsp;<\/p>\n\n\n\n<p class=\"MsoNormal\">Dentro de sus demandas tambi\u00e9n se encuentra la liberaci\u00f3n de sus presos pol\u00edticos y la cancelaci\u00f3n de \u00f3rdenes de aprehensi\u00f3n para ocho de sus compa\u00f1eros, a quienes asegura, se les fabricaron delitos tras los hechos violentos de los que fueron v\u00edctimas.&nbsp;&nbsp;<\/p>\n\n\n\n<p class=\"MsoNormal\">Bella Alejandra manifest\u00f3 que no piensan mover el plant\u00f3n hasta que sean acompa\u00f1ados por la Guardia Nacional para su retorno a Tierra Blanca, situaci\u00f3n que se ha quedado como una promesa por parte del gobierno de Oaxaca, encabezado por Alejandro Murat Hinojosa.&nbsp;&nbsp;<\/p>\n\n\n\n<p class=\"MsoNormal\">A pregunta expresa de si temen que exista un desalojo por parte de elementos de seguridad, la mujer ind\u00edgena asegur\u00f3 que no hay temor toda vez que est\u00e1n ejerciendo su derecho a libre manifestaci\u00f3n, as\u00ed como tampoco hay un lugar al cual puedan moverse en caso de ser desalojados.&nbsp;<\/p>\n\n\n\n<p class=\"MsoNormal\">\u201cYo digo que no les da el derecho tampoco porque estamos exigiendo y nuestra petici\u00f3n es pacifica, ya llevamos siete meses la lucha en la calle. Yo digo que no hay necesidad de que nos hagan eso, aqu\u00ed si hay desplazados\u201d, concluy\u00f3.&nbsp;<\/p>\n\n\n\n<p class=\"MsoNormal\">Apenas ayer el MULTI realiz\u00f3 una movilizaci\u00f3n en la capital del estado para exigir un retorno seguro a su comunidad, actividad que se replic\u00f3 en la Ciudad de M\u00e9xico; Hermosillo, Sonora; San Quint\u00edn, Baja California; Seattle, en el consulado mexicano.&nbsp;<\/p>\n\n\n\n<p class=\"MsoNormal\">Posterior a su movilizaci\u00f3n, instalaron un \u201cplant\u00f3n\u201c en el crucero de Hacienda Blanca, principal entrada y salida de la ciudad de Oaxaca, de donde aseguran no se mover\u00e1n hasta que sea atendida su principal demanda, ello pese a las serias complicaciones viales que ha provocado su protesta.&nbsp;<\/p>\n\n\n\n<p class=\"MsoNormal\">Y es que, desde ayer por la noche, decenas de veh\u00edculos de carga se encuentran varados en la zona, en espera de tener acceso; mientras que el transporte p\u00fablico y privado ha tenido que buscar rutas alteras, aunque les genere mayor tiempo y costo de traslado.  <\/p>\n","protected":false},"excerpt":{"rendered":"<p>Evlin Arag\u00f3n\/Zona Roja.&nbsp; &nbsp;Oaxaca de Ju\u00e1rez, Oax.. 20 de julio de 2021.-&nbsp;\u201cEl d\u00eda que digan&hellip;<\/p>\n","protected":false},"author":2,"featured_media":29957,"comment_status":"closed","ping_status":"open","sticky":false,"template":"","format":"standard","meta":{"_lmt_disableupdate":"","_lmt_disable":"","_jetpack_memberships_contains_paid_content":false,"footnotes":""},"categories":[109,47],"tags":[1712],"class_list":["post-29958","post","type-post","status-publish","format-standard","has-post-thumbnail","hentry","category-minuto-a-minuto","category-zona-gris","tag-tierra-blanca-copala"],"jetpack_featured_media_url":"https:\/\/zonaroja.com.mx\/wp-content\/uploads\/2021\/07\/img_7963.jpg","jetpack_sharing_enabled":true,"_links":{"self":[{"href":"https:\/\/zonaroja.com.mx\/index.php?rest_route=\/wp\/v2\/posts\/29958","targetHints":{"allow":["GET"]}}],"collection":[{"href":"https:\/\/zonaroja.com.mx\/index.php?rest_route=\/wp\/v2\/posts"}],"about":[{"href":"https:\/\/zonaroja.com.mx\/index.php?rest_route=\/wp\/v2\/types\/post"}],"author":[{"embeddable":true,"href":"https:\/\/zonaroja.com.mx\/index.php?rest_route=\/wp\/v2\/users\/2"}],"replies":[{"embeddable":true,"href":"https:\/\/zonaroja.com.mx\/index.php?rest_route=%2Fwp%2Fv2%2Fcomments&post=29958"}],"version-history":[{"count":2,"href":"https:\/\/zonaroja.com.mx\/index.php?rest_route=\/wp\/v2\/posts\/29958\/revisions"}],"predecessor-version":[{"id":29960,"href":"https:\/\/zonaroja.com.mx\/index.php?rest_route=\/wp\/v2\/posts\/29958\/revisions\/29960"}],"wp:featuredmedia":[{"embeddable":true,"href":"https:\/\/zonaroja.com.mx\/index.php?rest_route=\/wp\/v2\/media\/29957"}],"wp:attachment":[{"href":"https:\/\/zonaroja.com.mx\/index.php?rest_route=%2Fwp%2Fv2%2Fmedia&parent=29958"}],"wp:term":[{"taxonomy":"category","embeddable":true,"href":"https:\/\/zonaroja.com.mx\/index.php?rest_route=%2Fwp%2Fv2%2Fcategories&post=29958"},{"taxonomy":"post_tag","embeddable":true,"href":"https:\/\/zonaroja.com.mx\/index.php?rest_route=%2Fwp%2Fv2%2Ftags&post=29958"}],"curies":[{"name":"wp","href":"https:\/\/api.w.org\/{rel}","templated":true}]}}