{"id":2996,"date":"2019-08-11T09:10:48","date_gmt":"2019-08-11T14:10:48","guid":{"rendered":"http:\/\/www.zonaroja.com.mx\/?p=2996"},"modified":"2019-08-11T20:39:12","modified_gmt":"2019-08-12T01:39:12","slug":"asesinan-a-individuo-en-el-istmo-pican-a-joven-en-la-capital","status":"publish","type":"post","link":"https:\/\/zonaroja.com.mx\/?p=2996","title":{"rendered":"Asesinan a individuo en el Istmo; pican a joven en la capital"},"content":{"rendered":"\n<p>Redacci\u00f3n\/Zona\nRoja.<\/p>\n\n\n\n<p>Oaxaca de\nJu\u00e1rez, Oax., 11 de agosto de 2019.- La ola criminal contin\u00faa en la entidad oaxaque\u00f1a\nno obstante el anuncio de la Secretar\u00eda de Seguridad P\u00fablica de Oaxaca de\nimplementar operativos \u201cin\u00e9ditos\u201d desde el pasado viernes en las regiones\nValles Centrales, Costa, Istmo, Cuenca y Mixteca.<\/p>\n\n\n\n<p>Anoche, un joven fue atacado con un picahielo en el cuello, cuando transitaba por la calle de Las Casas, esquina con Victoria, a unas ocho cuadras del z\u00f3calo capitalino. Presuntamente fue asaltado y al oponer resistencia, fue agredido; el agresor no fue detenido y las corporaciones policiacas llegaron despu\u00e9s de los hechos.<\/p>\n\n\n\n<figure class=\"wp-block-embed-twitter wp-block-embed is-type-rich is-provider-twitter\"><div class=\"wp-block-embed__wrapper\">\n<div class=\"twitter-tweet\"><blockquote class=\"twitter-tweet\" data-lang=\"es\"><p lang=\"es\" dir=\"ltr\"><a href=\"https:\/\/twitter.com\/hashtag\/OaxacaRojo?src=hash&amp;ref_src=twsrc%5Etfw\">#OaxacaRojo<\/a><br>Contin\u00faa la ola delictiva en Oaxaca pese a los supuestos operativos que implementa la <a href=\"https:\/\/twitter.com\/SSP_GobOax?ref_src=twsrc%5Etfw\">@SSP_GobOax<\/a> con polic\u00edas federales y municipales, adem\u00e1s de la Guardia Nacional. <br>Anoche en el centro de la ciudad capital fue atacado un joven con un picahielo, por presunto asalto. <a href=\"https:\/\/t.co\/uswQPOQgZe\">pic.twitter.com\/uswQPOQgZe<\/a><\/p>&mdash; Zona Roja Oaxaca (@MexRoja) <a href=\"https:\/\/twitter.com\/MexRoja\/status\/1160551047158542336?ref_src=twsrc%5Etfw\">11 de agosto de 2019<\/a><\/blockquote><\/div>\n<\/div><\/figure>\n\n\n\n<p>Por otra\nparte, la madrugada de hoy fue ultimado a balazos un individuo, en Santo\nDomingo Tehuantepec, regi\u00f3n Istmo.<\/p>\n\n\n\n<p>La v\u00edctima\na\u00fan no identificada se trasladaba en su motoneta sobre la carretera\nTrans\u00edstmica, a la altura del kil\u00f3metro 18, inmediaciones del barrio de Santa Mar\u00eda\nRoloateca cuando fue atacado a balazos. <\/p>\n\n\n\n<p>En este caso tampoco hay personas detenidas; tambi\u00e9n en la regi\u00f3n istme\u00f1a se anunci\u00f3 un operativo policiaco conjunto, que a tres d\u00edas no ha arrojado resultados positivos.<\/p>\n\n\n\n<p>AMPLIACI\u00d3N:<\/p>\n\n\n\n<p>Por la tarde, la v\u00edctima fue identificada como Arnoldo G\u00f3mez Vel\u00e1squez, de aproximadamente 29 a\u00f1os de edad; tuvo su domicilio en la calle Cantera del barrio Lieza de Santo Domingo Tehuantepec.<\/p>\n","protected":false},"excerpt":{"rendered":"<p>Redacci\u00f3n\/Zona Roja. Oaxaca de Ju\u00e1rez, Oax., 11 de agosto de 2019.- La ola criminal contin\u00faa&hellip;<\/p>\n","protected":false},"author":2,"featured_media":2997,"comment_status":"closed","ping_status":"open","sticky":false,"template":"","format":"standard","meta":{"_lmt_disableupdate":"","_lmt_disable":"","_jetpack_memberships_contains_paid_content":false,"footnotes":""},"categories":[109,51],"tags":[533],"class_list":["post-2996","post","type-post","status-publish","format-standard","has-post-thumbnail","hentry","category-minuto-a-minuto","category-zona-roja","tag-asesinado-en-tehuantepec"],"jetpack_featured_media_url":"https:\/\/zonaroja.com.mx\/wp-content\/uploads\/2019\/08\/920b74c2-fd28-4ac8-b1a6-2f0ce2f46463.jpg","jetpack_sharing_enabled":true,"_links":{"self":[{"href":"https:\/\/zonaroja.com.mx\/index.php?rest_route=\/wp\/v2\/posts\/2996","targetHints":{"allow":["GET"]}}],"collection":[{"href":"https:\/\/zonaroja.com.mx\/index.php?rest_route=\/wp\/v2\/posts"}],"about":[{"href":"https:\/\/zonaroja.com.mx\/index.php?rest_route=\/wp\/v2\/types\/post"}],"author":[{"embeddable":true,"href":"https:\/\/zonaroja.com.mx\/index.php?rest_route=\/wp\/v2\/users\/2"}],"replies":[{"embeddable":true,"href":"https:\/\/zonaroja.com.mx\/index.php?rest_route=%2Fwp%2Fv2%2Fcomments&post=2996"}],"version-history":[{"count":2,"href":"https:\/\/zonaroja.com.mx\/index.php?rest_route=\/wp\/v2\/posts\/2996\/revisions"}],"predecessor-version":[{"id":3013,"href":"https:\/\/zonaroja.com.mx\/index.php?rest_route=\/wp\/v2\/posts\/2996\/revisions\/3013"}],"wp:featuredmedia":[{"embeddable":true,"href":"https:\/\/zonaroja.com.mx\/index.php?rest_route=\/wp\/v2\/media\/2997"}],"wp:attachment":[{"href":"https:\/\/zonaroja.com.mx\/index.php?rest_route=%2Fwp%2Fv2%2Fmedia&parent=2996"}],"wp:term":[{"taxonomy":"category","embeddable":true,"href":"https:\/\/zonaroja.com.mx\/index.php?rest_route=%2Fwp%2Fv2%2Fcategories&post=2996"},{"taxonomy":"post_tag","embeddable":true,"href":"https:\/\/zonaroja.com.mx\/index.php?rest_route=%2Fwp%2Fv2%2Ftags&post=2996"}],"curies":[{"name":"wp","href":"https:\/\/api.w.org\/{rel}","templated":true}]}}