{"id":29961,"date":"2021-07-20T16:11:03","date_gmt":"2021-07-20T21:11:03","guid":{"rendered":"http:\/\/www.zonaroja.com.mx\/?p=29961"},"modified":"2021-07-20T16:11:38","modified_gmt":"2021-07-20T21:11:38","slug":"se-multiplican-protestas-al-edil-de-oaxaca-de-juarez-y-no-atienden","status":"publish","type":"post","link":"https:\/\/zonaroja.com.mx\/?p=29961","title":{"rendered":"Se multiplican protestas al edil de Oaxaca de Ju\u00e1rez\u2026 y no atienden"},"content":{"rendered":"\n<p>Evlin Arag\u00f3n\/Zona Roja.<\/p>\n\n\n\n<p>Oaxaca de Ju\u00e1rez, Oax., 20 de julio de 2021.- Pese a que Oaxaca se encuentra en la tercera ola de Covid-19 y en temporada vacacional, las manifestaciones en la capital del estado se han incrementado en los \u00faltimos d\u00edas, ante la falta de atenci\u00f3n a diversas demandas por parte de las autoridades municipales y estatales.&nbsp;<\/p>\n\n\n\n<p>Un grupo de padres y madres de familia se manifest\u00f3 a las afueras de la Escuela Secundaria T\u00e9cnica n\u00famero 6, en el bulevar Eduardo Vasconcelos, para denunciar el cobro de cuotas excesivas para el ingreso de j\u00f3venes en el ciclo escolar 2021-2022.<\/p>\n\n\n\n<p>Con pancarta en mano, dieron a conocer que el comit\u00e9 escolar pretende cobrar mil 200 pesos de cuota a estudiante de nuevo ingreso y 400 peso a quienes pasaron a segundo y tercer a\u00f1o, acci\u00f3n que calificaron de extorsi\u00f3n.&nbsp;<\/p>\n\n\n\n<p>Por lo anterior solicitaron la intervenci\u00f3n de las autoridades en materia educativa, adem\u00e1s que exhortaron a las y los integrantes del comit\u00e9 a considerar las condiciones en las que se encuentra la econom\u00eda de las y los oaxaque\u00f1os, situaci\u00f3n que impide un pago tan oneroso; adem\u00e1s que las clases continuar\u00e1n siendo en l\u00ednea.\u00a0<\/p>\n\n\n\n<p><div class=\"twitter-tweet\"><blockquote class=\"twitter-tweet\" data-lang=\"es\"><p lang=\"es\" dir=\"ltr\"><a href=\"https:\/\/twitter.com\/hashtag\/%C3%9AltimoMinuto?src=hash&amp;ref_src=twsrc%5Etfw\">#\u00daltimoMinuto<\/a> <br>Hasta los boleros salieron afectados por el desalojo de comerciantes ambulantes del z\u00f3calo y la Alameda de Le\u00f3n.<br>Hoy reclamaron al edil <a href=\"https:\/\/twitter.com\/oswaldogarciaj?ref_src=twsrc%5Etfw\">@oswaldogarciaj<\/a> la medida impuesta, pues desde hace tres d\u00edas no los dejan trabajar, pese a que cuentan con permisos. <a href=\"https:\/\/t.co\/WPDP05ZzQx\">pic.twitter.com\/WPDP05ZzQx<\/a><\/p>&mdash; Zona Roja Oaxaca (@Zona_Roja_Oax) <a href=\"https:\/\/twitter.com\/Zona_Roja_Oax\/status\/1417587886656995329?ref_src=twsrc%5Etfw\">20 de julio de 2021<\/a><\/blockquote><\/div><\/p>\n\n\n\n<p>TAMBI\u00c9N BOLEROS<\/p>\n\n\n\n<p>Mientras que en el Centro Hist\u00f3rico, un grupo de boleros, que realizaba su actividad laboral en el z\u00f3calo y la Alameda, parti\u00f3 con rumbo al ayuntamiento para solicitar di\u00e1logo con el edil Oswaldo Garc\u00eda Jarqu\u00edn, a fin de solicitarle el permiso respectivo para ingresar al lugar, mismo que se encuentra resguardado desde hace cinco d\u00edas por elementos de seguridad, para impedir el ambulantaje.<\/p>\n\n\n\n<p>De acuerdo con Jos\u00e9 Manuel, dirigente de los aseadores, desde hace tres d\u00edas no los dejan entrar a su \u00e1rea de labores, a pesar de que cuentan con permisos, que a\u00f1o con a\u00f1o renuevan.<\/p>\n\n\n\n<p>Incluso a pesar de que algunos cuentan con 30, 40 y 50 a\u00f1os de servicio y que no han tenido ning\u00fan problema con la autoridad, salvo en alg\u00fan caso retrasos en los pagos.<\/p>\n\n\n\n<p>\u201cQueremos trabajar, nuestra familia tiene que comer, ni hemos logrado ni para la comida; es nuestra \u00fanica fuente de trabajo\u201d, dijeron.<\/p>\n\n\n\n<figure class=\"wp-block-embed-twitter wp-block-embed is-type-rich is-provider-twitter\"><div class=\"wp-block-embed__wrapper\">\n<div class=\"twitter-tweet\"><blockquote class=\"twitter-tweet\" data-lang=\"es\"><p lang=\"es\" dir=\"ltr\"><a href=\"https:\/\/twitter.com\/hashtag\/ENVIVO?src=hash&amp;ref_src=twsrc%5Etfw\">#ENVIVO<\/a><br>Oaxaca de Ju\u00e1rez, Oax.. 20 de julio de 2021.- Se multiplican las protestas en la ciudad de <a href=\"https:\/\/twitter.com\/hashtag\/Oaxaca?src=hash&amp;ref_src=twsrc%5Etfw\">#Oaxaca<\/a> y ahora son comerciantes ambulantes discapacitados, as\u00ed como boleros, adem\u00e1s de otra protesta en los Servicios de Salud. <br><br>Siga la transmisi\u00f3n:<br>\ud83d\udc47<a href=\"https:\/\/t.co\/YSBXFLYJMx\">https:\/\/t.co\/YSBXFLYJMx<\/a> <a href=\"https:\/\/t.co\/yxMiesva8J\">pic.twitter.com\/yxMiesva8J<\/a><\/p>&mdash; Zona Roja Oaxaca (@Zona_Roja_Oax) <a href=\"https:\/\/twitter.com\/Zona_Roja_Oax\/status\/1417571703157362690?ref_src=twsrc%5Etfw\">20 de julio de 2021<\/a><\/blockquote><\/div>\n<\/div><\/figure>\n\n\n\n<p>COMERCIANTES CON DISCAPACIDAD<\/p>\n\n\n\n<p>En el Andador Tur\u00edstico, personas con discapacidad tambi\u00e9n se manifestaron para pedir que les dejen vender sus productos en la v\u00eda p\u00fablica, al desempe\u00f1arse como ambulantes sin puestos fijos, actividad que piden sea respetada por la autoridad municipal.&nbsp;<\/p>\n\n\n\n<p>De ah\u00ed partieron en marcha hacia la avenida Independencia esquina con Tinoco y Palacios, donde bloquearon por unos momentos,<\/p>\n\n\n\n<p>Encabezados por Godofredo Sol\u00eds Calixto, explicaron que todos los d\u00edas salen a las calles a ofrecer sus productos, para ello caminan todo el tiempo por el primer cuadro de la ciudad sin ocupar un espacio fijo, ya que son conscientes de que la ciudad forma parte del Patrimonio Cultural de la Humanidad, sin embargo, la situaci\u00f3n econ\u00f3mica actual y su condici\u00f3n de discapacidad los obliga a buscar el sustento mediante el ambulantaje, que no es un delito.&nbsp;<\/p>\n\n\n\n<p>\u201cLo \u00fanico que se pide es que nos dejen vender. Somos ambulantes, no tenemos puestos fijos\u201d, y \u201cPedirle se\u00f1or presidente, nosotros somos ambulantes, caminamos no ocupamos espacios que es Patrimonio Cultural de la Humanidad, ni tampoco vendemos espacios\u201d, refirieron en sus cartulinas.&nbsp;<\/p>\n\n\n\n<p>El grupo bloqueo de manera temporal la calle de Independencia, esquina con J.P Garc\u00eda, y posteriormente se traslad\u00f3 a la sede municipal para exigir audiencia con el edil.<\/p>\n\n\n\n<figure class=\"wp-block-embed-twitter wp-block-embed is-type-rich is-provider-twitter\"><div class=\"wp-block-embed__wrapper\">\n<div class=\"twitter-tweet\"><blockquote class=\"twitter-tweet\" data-lang=\"es\"><p lang=\"es\" dir=\"ltr\"><a href=\"https:\/\/twitter.com\/hashtag\/%C3%9AltimoMinuto?src=hash&amp;ref_src=twsrc%5Etfw\">#\u00daltimoMinuto<\/a> <br>Un en\u00e9sima problema sin resolver por parte de los <a href=\"https:\/\/twitter.com\/SSO_GobOax?ref_src=twsrc%5Etfw\">@SSO_GobOax<\/a>.<br>A sus oficinas centrales en la ciudad de <a href=\"https:\/\/twitter.com\/hashtag\/Oaxaca?src=hash&amp;ref_src=twsrc%5Etfw\">#Oaxaca<\/a> llegaron proveedores de alimentos para el Hospital Civil \u201cDr. Aurelio Valdivieso.<br>Denuncian que la instituci\u00f3n les adeuda varios meses y no quiere pagar. <a href=\"https:\/\/t.co\/oaL7LgD4fP\">pic.twitter.com\/oaL7LgD4fP<\/a><\/p>&mdash; Zona Roja Oaxaca (@Zona_Roja_Oax) <a href=\"https:\/\/twitter.com\/Zona_Roja_Oax\/status\/1417582605206179843?ref_src=twsrc%5Etfw\">20 de julio de 2021<\/a><\/blockquote><\/div>\n<\/div><\/figure>\n\n\n\n<p>HASTA PROVEEDORES<\/p>\n\n\n\n<p>En tanto, en las oficinas principales de los Servicios de Salud, Centro Hist\u00f3rico de la capital, arrib\u00f3 un grupo de 20 proveedores del Hospital Civil \u201cDr, Aurelio Valdivieso\u201d para denunciar la falta de pago.&nbsp;<\/p>\n\n\n\n<p>De acuerdo con C\u00e9sar Marino L\u00f3pez, la dependencia no les ha pagado de enero a la fecha, situaci\u00f3n que ya se vuelve insostenible para sus peque\u00f1as empresas que dotan al nosocomio de caf\u00e9, pan, tortillas, agua, l\u00e1cteos, frutas y legumbres, carne, abarrotes y material de curaci\u00f3n.&nbsp;<\/p>\n\n\n\n<p>\u201cA esta altura ya no contamos con recurso para seguir surtiendo al hospital de los productos de la canasta b\u00e1sica. La autoridad nos trae para all\u00e1 y para ac\u00e1 asegurando que no tiene dinero, pero entonces donde est\u00e1 el recurso\u201d, dijo.&nbsp;<\/p>\n\n\n\n<p>Debido a la falta de pago planean asistir a la conferencia \u201cma\u00f1anera\u201d del Presidente Andr\u00e9s Manuel L\u00f3pez Obrador para hacer de su conocimiento la situaci\u00f3n y solicitar su pronta intervenci\u00f3n a fin de que les paga su dinero.&nbsp;<\/p>\n\n\n\n<p>A escasos metros de esta protesta, se ha extendido el ambulantaje que, hasta hace una semana se ubicaba en el primer cuadro de la ciudad y que debido al blindaje del mismo se han instalado en las calles de Garc\u00eda Vigil, as\u00ed como en 20 de Noviembre, provocando serias complicaciones en las ya dif\u00edciles vialidades del Centro Hist\u00f3rico.&nbsp;<\/p>\n","protected":false},"excerpt":{"rendered":"<p>Evlin Arag\u00f3n\/Zona Roja. Oaxaca de Ju\u00e1rez, Oax., 20 de julio de 2021.- Pese a que&hellip;<\/p>\n","protected":false},"author":2,"featured_media":29962,"comment_status":"closed","ping_status":"open","sticky":false,"template":"","format":"standard","meta":{"_lmt_disableupdate":"","_lmt_disable":"","_jetpack_memberships_contains_paid_content":false,"footnotes":""},"categories":[109,47],"tags":[],"class_list":["post-29961","post","type-post","status-publish","format-standard","has-post-thumbnail","hentry","category-minuto-a-minuto","category-zona-gris"],"jetpack_featured_media_url":"https:\/\/zonaroja.com.mx\/wp-content\/uploads\/2021\/07\/Protesta-comerciantes-discapacitados.jpg","jetpack_sharing_enabled":true,"_links":{"self":[{"href":"https:\/\/zonaroja.com.mx\/index.php?rest_route=\/wp\/v2\/posts\/29961","targetHints":{"allow":["GET"]}}],"collection":[{"href":"https:\/\/zonaroja.com.mx\/index.php?rest_route=\/wp\/v2\/posts"}],"about":[{"href":"https:\/\/zonaroja.com.mx\/index.php?rest_route=\/wp\/v2\/types\/post"}],"author":[{"embeddable":true,"href":"https:\/\/zonaroja.com.mx\/index.php?rest_route=\/wp\/v2\/users\/2"}],"replies":[{"embeddable":true,"href":"https:\/\/zonaroja.com.mx\/index.php?rest_route=%2Fwp%2Fv2%2Fcomments&post=29961"}],"version-history":[{"count":2,"href":"https:\/\/zonaroja.com.mx\/index.php?rest_route=\/wp\/v2\/posts\/29961\/revisions"}],"predecessor-version":[{"id":29964,"href":"https:\/\/zonaroja.com.mx\/index.php?rest_route=\/wp\/v2\/posts\/29961\/revisions\/29964"}],"wp:featuredmedia":[{"embeddable":true,"href":"https:\/\/zonaroja.com.mx\/index.php?rest_route=\/wp\/v2\/media\/29962"}],"wp:attachment":[{"href":"https:\/\/zonaroja.com.mx\/index.php?rest_route=%2Fwp%2Fv2%2Fmedia&parent=29961"}],"wp:term":[{"taxonomy":"category","embeddable":true,"href":"https:\/\/zonaroja.com.mx\/index.php?rest_route=%2Fwp%2Fv2%2Fcategories&post=29961"},{"taxonomy":"post_tag","embeddable":true,"href":"https:\/\/zonaroja.com.mx\/index.php?rest_route=%2Fwp%2Fv2%2Ftags&post=29961"}],"curies":[{"name":"wp","href":"https:\/\/api.w.org\/{rel}","templated":true}]}}