{"id":29965,"date":"2021-07-20T16:22:36","date_gmt":"2021-07-20T21:22:36","guid":{"rendered":"http:\/\/www.zonaroja.com.mx\/?p=29965"},"modified":"2021-07-20T16:22:39","modified_gmt":"2021-07-20T21:22:39","slug":"emplazan-sindicalizados-a-oswaldo-jarquin-por-fondo-de-pensiones","status":"publish","type":"post","link":"https:\/\/zonaroja.com.mx\/?p=29965","title":{"rendered":"Emplazan sindicalizados a Oswaldo Jarqu\u00edn por fondo de pensiones"},"content":{"rendered":"\n<p>Evlin Arag\u00f3n\/Zona Roja.<\/p>\n\n\n\n<p>Oaxaca de Ju\u00e1rez, Oax., 20 de julio de 2021.- Integrantes del Sindicato Libre del municipio de Oaxaca de Ju\u00e1rez hicieron p\u00fablico el acuerdo generado entre las cinco gremiales y la autoridad encabezada por Oswaldo Garc\u00eda Jarqu\u00edn, en torno a la atenci\u00f3n al Fondo Econ\u00f3mico de la Direcci\u00f3n de Pensiones.&nbsp;<\/p>\n\n\n\n<p>Lo anterior con la intenci\u00f3n que se cumpla el compromiso que incluye el pago de una deuda superior a los nueve millones de pesos que tiene la administraci\u00f3n municipal con el fondo, misma que deber\u00e1 liquidarse el pr\u00f3ximo 27 de julio, conforme al acuerdo.&nbsp;<\/p>\n\n\n\n<p>As\u00ed lo dieron a conocer a las afueras de la sede del ayuntamiento capitalino, a donde se apersonaron para informar que el pasado mi\u00e9rcoles 14 de julio, representantes de los cinco sindicatos municipales sostuvieron la reuni\u00f3n con las autoridades municipales quienes se comprometieron a pagar los nueve millones 689 mil 489 pesos que le adeudan al fondo.&nbsp;<\/p>\n\n\n\n<p>Dicho recurso corresponde a las aportaciones de los dos mil 582 trabajadores municipales, el 16 por ciento de la aportaci\u00f3n municipal, la recuperaci\u00f3n de pr\u00e9stamos a corto plazo a los trabajadores; y el adeudo del incremento del 2.3 por ciento del ejercicio fiscal.\u00a0<\/p>\n\n\n\n<figure class=\"wp-block-embed-twitter wp-block-embed is-type-rich is-provider-twitter\"><div class=\"wp-block-embed__wrapper\">\n<div class=\"twitter-tweet\"><blockquote class=\"twitter-tweet\" data-lang=\"es\"><p lang=\"es\" dir=\"ltr\"><a href=\"https:\/\/twitter.com\/hashtag\/%C3%9AltimoMinuto?src=hash&amp;ref_src=twsrc%5Etfw\">#\u00daltimoMinuto<\/a> <br>Por incumplimiento del edil <a href=\"https:\/\/twitter.com\/oswaldogarciaj?ref_src=twsrc%5Etfw\">@oswaldogarciaj<\/a> con el sistema de pensiones, trabajadores afiliados a todos los sindicatos del ayuntamientos de <a href=\"https:\/\/twitter.com\/hashtag\/Oaxaca?src=hash&amp;ref_src=twsrc%5Etfw\">#Oaxaca<\/a> de Ju\u00e1rez, prev\u00e9n efectuar una jornada de protestas. <a href=\"https:\/\/t.co\/0FCF4mowRj\">pic.twitter.com\/0FCF4mowRj<\/a><\/p>&mdash; Zona Roja Oaxaca (@Zona_Roja_Oax) <a href=\"https:\/\/twitter.com\/Zona_Roja_Oax\/status\/1417512940446625800?ref_src=twsrc%5Etfw\">20 de julio de 2021<\/a><\/blockquote><\/div>\n<\/div><\/figure>\n\n\n\n<p>Explicaron que, en caso de que el edil incumpla con su compromiso, quedaran imposibilitados para realizar el pago de la pensi\u00f3n a 748 personas ya jubiladas y pensionadas conforme a la ley.&nbsp;<\/p>\n\n\n\n<p>As\u00ed mismo estar\u00e1n dejando sin derecho de pr\u00e9stamos a corto plazo a las dos mil 582 trabajadoras y trabajadores activos que aportan a la Direcci\u00f3n de Pensiones y cuyo prestamos son los que m\u00e1s intereses dejan al Fondo Econ\u00f3mico de Pensiones.&nbsp;<\/p>\n\n\n\n<p>De acuerdo con el personal sindicalizado, desde el pasado mes de noviembre hicieron entrega de un oficio comunicando la situaci\u00f3n al edil Oswaldo Garc\u00eda Jarqu\u00edn de quien, como ya es costumbre, no obtuvieron respuesta.&nbsp;<\/p>\n\n\n\n<p>Por lo anterior hicieron p\u00fablico el acuerdo firmado el 14 de julio y cuyo vencimiento es el 27 del mismo mes, a fin de que no exista pretexto para la no atenci\u00f3n del mismo; adem\u00e1s que sirva como antecedente para que el edil electo, Francisco Mart\u00ednez Neri, se entere de la problem\u00e1tica al interior del Fondo de Pensiones.&nbsp;<\/p>\n\n\n\n<p>\u201cEsperamos que por medio de este comunicado p\u00fablico cumpla el se\u00f1or presidente municipal Oswaldo Garc\u00eda Jarqu\u00edn y al mismo tiempo el presidente electo Francisco Mart\u00ednez Neri tenga conocimiento de esta grave situaci\u00f3n y tome cartas en el asunto desde este momento y a partir del 1 de enero de 2022 ya tenga una soluci\u00f3n a tan grave problema que le deje como herencia su compa\u00f1ero de partido pol\u00edtico\u201d, refiere el comunicado.&nbsp;<\/p>\n","protected":false},"excerpt":{"rendered":"<p>Evlin Arag\u00f3n\/Zona Roja. Oaxaca de Ju\u00e1rez, Oax., 20 de julio de 2021.- Integrantes del Sindicato&hellip;<\/p>\n","protected":false},"author":2,"featured_media":29966,"comment_status":"closed","ping_status":"open","sticky":false,"template":"","format":"standard","meta":{"_lmt_disableupdate":"","_lmt_disable":"","_jetpack_memberships_contains_paid_content":false,"footnotes":""},"categories":[109,47],"tags":[2315],"class_list":["post-29965","post","type-post","status-publish","format-standard","has-post-thumbnail","hentry","category-minuto-a-minuto","category-zona-gris","tag-ayuntamiento-de-oaxaca-de-juarez"],"jetpack_featured_media_url":"https:\/\/zonaroja.com.mx\/wp-content\/uploads\/2021\/07\/Protesta-dirigentes-sindicales.jpg","jetpack_sharing_enabled":true,"_links":{"self":[{"href":"https:\/\/zonaroja.com.mx\/index.php?rest_route=\/wp\/v2\/posts\/29965","targetHints":{"allow":["GET"]}}],"collection":[{"href":"https:\/\/zonaroja.com.mx\/index.php?rest_route=\/wp\/v2\/posts"}],"about":[{"href":"https:\/\/zonaroja.com.mx\/index.php?rest_route=\/wp\/v2\/types\/post"}],"author":[{"embeddable":true,"href":"https:\/\/zonaroja.com.mx\/index.php?rest_route=\/wp\/v2\/users\/2"}],"replies":[{"embeddable":true,"href":"https:\/\/zonaroja.com.mx\/index.php?rest_route=%2Fwp%2Fv2%2Fcomments&post=29965"}],"version-history":[{"count":1,"href":"https:\/\/zonaroja.com.mx\/index.php?rest_route=\/wp\/v2\/posts\/29965\/revisions"}],"predecessor-version":[{"id":29967,"href":"https:\/\/zonaroja.com.mx\/index.php?rest_route=\/wp\/v2\/posts\/29965\/revisions\/29967"}],"wp:featuredmedia":[{"embeddable":true,"href":"https:\/\/zonaroja.com.mx\/index.php?rest_route=\/wp\/v2\/media\/29966"}],"wp:attachment":[{"href":"https:\/\/zonaroja.com.mx\/index.php?rest_route=%2Fwp%2Fv2%2Fmedia&parent=29965"}],"wp:term":[{"taxonomy":"category","embeddable":true,"href":"https:\/\/zonaroja.com.mx\/index.php?rest_route=%2Fwp%2Fv2%2Fcategories&post=29965"},{"taxonomy":"post_tag","embeddable":true,"href":"https:\/\/zonaroja.com.mx\/index.php?rest_route=%2Fwp%2Fv2%2Ftags&post=29965"}],"curies":[{"name":"wp","href":"https:\/\/api.w.org\/{rel}","templated":true}]}}