{"id":29968,"date":"2021-07-20T19:56:24","date_gmt":"2021-07-21T00:56:24","guid":{"rendered":"http:\/\/www.zonaroja.com.mx\/?p=29968"},"modified":"2021-07-20T19:56:27","modified_gmt":"2021-07-21T00:56:27","slug":"rechaza-cuatro-venados-minera-en-su-zona-genera-lios-con-cuilapam","status":"publish","type":"post","link":"https:\/\/zonaroja.com.mx\/?p=29968","title":{"rendered":"Rechaza Cuatro Venados minera en su zona; genera l\u00edos con Cuil\u00e1pam"},"content":{"rendered":"\n<p>Evlin Arag\u00f3n\/Redacci\u00f3n\/Zona Roja.<\/p>\n\n\n\n<p>Oaxaca de Ju\u00e1rez, Oax., 20 de julio de 2021.- Comuneros de San Pablo Cuatro Venados rechazaron hoy la explotaci\u00f3n de una mina en su comunidad, en tierras que les disputa Cuil\u00e1pam de Guerrero y que son de su propiedad, seg\u00fan dijeron.<\/p>\n\n\n\n<p>En conferencia de prensa en el centro de la ciudad de Oaxaca, se\u00f1alaron que por esas razones, de manera constante han sido atacados habitantes de las comunidades El Rebollero, Los Arquitos y R\u00edo Minas, y cuyos parajes disputa Cuil\u00e1pam, quienes los acusan de \u201cparacaidistas\u201d.<\/p>\n\n\n\n<p>Recordaron que el 12 de julio del 2021, la Secretaria General de Gobierno de Oaxaca, a trav\u00e9s de la Junta de Conciliaci\u00f3n Agraria en coordinaci\u00f3n con el representante de la Secretar\u00eda de Gobernaci\u00f3n en Oaxaca (Segob), entre otros, sostuvieron una mesa de di\u00e1logo con las autoridades municipales y agrarias de Cuil\u00e1pam.<\/p>\n\n\n\n<p>\u201cDejamos claro que quienes habitamos en estas comunidades no hemos generado ning\u00fan conflicto. Siempre hemos vivido aqu\u00ed. En todo caso, si hay un conflicto, es porque las propias autoridades lo han creado\u201d, manifestaron.<\/p>\n\n\n\n<figure class=\"wp-block-embed-twitter wp-block-embed is-type-rich is-provider-twitter\"><div class=\"wp-block-embed__wrapper\">\n<div class=\"twitter-tweet\"><blockquote class=\"twitter-tweet\" data-lang=\"es\"><p lang=\"es\" dir=\"ltr\"><a href=\"https:\/\/twitter.com\/hashtag\/%C3%9AltimoMinuto?src=hash&amp;ref_src=twsrc%5Etfw\">#\u00daltimoMinuto<\/a> <br>Comuneros y comuneras de San Pablo Cuatro Venados denuncian que ataques armados de vecinos de <a href=\"https:\/\/twitter.com\/hashtag\/Cuil%C3%A1pam?src=hash&amp;ref_src=twsrc%5Etfw\">#Cuil\u00e1pam<\/a> de Guerrero, es por la disputa de una mina en la zona lim\u00edtrofe, misma que rechazan su instalaci\u00f3n. <br>Denuncian nulos avances en indagatorias. <a href=\"https:\/\/t.co\/7uIL6ih90y\">pic.twitter.com\/7uIL6ih90y<\/a><\/p>&mdash; Zona Roja Oaxaca (@Zona_Roja_Oax) <a href=\"https:\/\/twitter.com\/Zona_Roja_Oax\/status\/1417524468562505735?ref_src=twsrc%5Etfw\">20 de julio de 2021<\/a><\/blockquote><\/div>\n<\/div><\/figure>\n\n\n\n<p>A\u00f1adieron que autoridades de Cuil\u00e1pam sostienen que han llegado a un acuerdo con las autoridades de Cuatro Venados y que el conflicto que afirman tener, \u00abse super\u00f3 tras la firma de un convenio definitivo de conciliaci\u00f3n Agraria\u00bb.<\/p>\n\n\n\n<p>\u201cSi esto es as\u00ed, ambas autoridades est\u00e1n incurriendo en una ilegalidad al no consultar a las personas que vivimos en este territorio y que pertenecemos al municipio de Cuatro Venados. Si existe dicho convenio, ambas asambleas con sus comuneros y ciudadanos tienen el derecho de 6-739\/FEMCCO\/2019 INICIA 13\/DICIEMBRE\/2019.<\/p>\n\n\n\n<p>\u201cA m\u00e1s de dos a\u00f1os de los hechos no hemos tenido ning\u00fan informe sobre el avance de las investigaciones que la Fiscal\u00eda se supone est\u00e1 realizando en contra de las autoridades municipales y agrarias de Cuilapam de Guerrero y dem\u00e1s agresores\u201d, expusieron.<\/p>\n\n\n\n<p>Denunciaron que estos hechos no son aislados, pues forman parte de la criminalizaci\u00f3n de los pueblos originarios que se resisten a los megaproyectos, en este caso el de la miner\u00eda.<\/p>\n","protected":false},"excerpt":{"rendered":"<p>Evlin Arag\u00f3n\/Redacci\u00f3n\/Zona Roja. Oaxaca de Ju\u00e1rez, Oax., 20 de julio de 2021.- Comuneros de San&hellip;<\/p>\n","protected":false},"author":2,"featured_media":29969,"comment_status":"closed","ping_status":"open","sticky":false,"template":"","format":"standard","meta":{"_lmt_disableupdate":"","_lmt_disable":"","_jetpack_memberships_contains_paid_content":false,"footnotes":""},"categories":[109,47],"tags":[2809],"class_list":["post-29968","post","type-post","status-publish","format-standard","has-post-thumbnail","hentry","category-minuto-a-minuto","category-zona-gris","tag-san-pablo-cuatro-venados"],"jetpack_featured_media_url":"https:\/\/zonaroja.com.mx\/wp-content\/uploads\/2021\/07\/Protesta-contra-mineras-Cuatro-venados.jpg","jetpack_sharing_enabled":true,"_links":{"self":[{"href":"https:\/\/zonaroja.com.mx\/index.php?rest_route=\/wp\/v2\/posts\/29968","targetHints":{"allow":["GET"]}}],"collection":[{"href":"https:\/\/zonaroja.com.mx\/index.php?rest_route=\/wp\/v2\/posts"}],"about":[{"href":"https:\/\/zonaroja.com.mx\/index.php?rest_route=\/wp\/v2\/types\/post"}],"author":[{"embeddable":true,"href":"https:\/\/zonaroja.com.mx\/index.php?rest_route=\/wp\/v2\/users\/2"}],"replies":[{"embeddable":true,"href":"https:\/\/zonaroja.com.mx\/index.php?rest_route=%2Fwp%2Fv2%2Fcomments&post=29968"}],"version-history":[{"count":1,"href":"https:\/\/zonaroja.com.mx\/index.php?rest_route=\/wp\/v2\/posts\/29968\/revisions"}],"predecessor-version":[{"id":29970,"href":"https:\/\/zonaroja.com.mx\/index.php?rest_route=\/wp\/v2\/posts\/29968\/revisions\/29970"}],"wp:featuredmedia":[{"embeddable":true,"href":"https:\/\/zonaroja.com.mx\/index.php?rest_route=\/wp\/v2\/media\/29969"}],"wp:attachment":[{"href":"https:\/\/zonaroja.com.mx\/index.php?rest_route=%2Fwp%2Fv2%2Fmedia&parent=29968"}],"wp:term":[{"taxonomy":"category","embeddable":true,"href":"https:\/\/zonaroja.com.mx\/index.php?rest_route=%2Fwp%2Fv2%2Fcategories&post=29968"},{"taxonomy":"post_tag","embeddable":true,"href":"https:\/\/zonaroja.com.mx\/index.php?rest_route=%2Fwp%2Fv2%2Ftags&post=29968"}],"curies":[{"name":"wp","href":"https:\/\/api.w.org\/{rel}","templated":true}]}}