{"id":29971,"date":"2021-07-20T20:10:26","date_gmt":"2021-07-21T01:10:26","guid":{"rendered":"http:\/\/www.zonaroja.com.mx\/?p=29971"},"modified":"2021-07-20T20:10:30","modified_gmt":"2021-07-21T01:10:30","slug":"encuesta-del-inegi-revela-fallas-en-sistema-penitenciario-de-mexico","status":"publish","type":"post","link":"https:\/\/zonaroja.com.mx\/?p=29971","title":{"rendered":"Encuesta del INEGI revela fallas en sistema penitenciario de M\u00e9xico"},"content":{"rendered":"\n<p>Evlin Arag\u00f3n\/Zona Roja.<\/p>\n\n\n\n<p>Oaxaca de Ju\u00e1rez, Oax., 20 de julio de 2021.- Oaxaca es la tercera entidad con mayor n\u00famero de quejas, 319 en total, por parte de las personas que se encuentran privadas de la libertad al interior de alg\u00fan centro penitenciario, ya sea de car\u00e1cter federal o local.<\/p>\n\n\n\n<p>Lo anterior de acuerdo con el Censo Nacional del Sistema Penitenciario en los \u00c1mbitos Estatal y Federal (CNSIPEE-F) 2021, que ubica a la entidad oaxaque\u00f1a en tercer lugar, s\u00f3lo por debajo de Sonora y Morelia.<\/p>\n\n\n\n<p>Aunque no especifica qu\u00e9 tipo de queja, las principales son en torno a la atenci\u00f3n m\u00e9dica, situaci\u00f3n jur\u00eddica, reubicaci\u00f3n, alimentaci\u00f3n, sanciones disciplinarias, reinserci\u00f3n social, tortura o maltrato, agresiones, abuso de autoridad, incomunicaci\u00f3n, cobros indebidos, prohibici\u00f3n de visitas, y condiciones insalubres, en ese orden.&nbsp;<\/p>\n\n\n\n<p>De acuerdo con las cifras del Instituto Nacional de Estad\u00edstica y Geograf\u00eda, Oaxaca registro el nueve por ciento del total de las personas fallecidas en 2020 por Covid-19 al interior de los centros penitenciarios; el total fue de 199 en todo el pa\u00eds, por lo que las muertes en la entidad oaxaque\u00f1a ascender\u00edan a 18 personas.&nbsp;<\/p>\n\n\n\n<p>El estado tambi\u00e9n destaca en la ri\u00f1as o incidentes registrados al interior de los centros de internamiento, ya que de los 2 mil 383 contabilizados en total, Oaxaca report\u00f3 40 casos, ubic\u00e1ndose en el puesto 12 de incidencia a nivel nacional.<\/p>\n\n\n\n<p>Otra de las cifras nada esperanzadoras tiene que ver con el presupuesto asignado, ya que se ubica en el grupo de entidades con el menor recurso asignado, con 51.3 millones de pesos en el 2020, solo por encima de Aguascalientes, Guerrero, Sinaloa, San Luis Potos\u00ed y Tamaulipas, que se ubican al fondo de la lista.&nbsp;<\/p>\n\n\n\n<p>As\u00ed mismo refiere que la entidad oaxaque\u00f1a tiene un 91.5 por ciento de camas ocupadas, de las tres mil 956 disponibles, ello de manera generalizada en el \u00fanico centro penitenciario federal con el que cuenta y los 10 de car\u00e1cter local.&nbsp;<\/p>\n\n\n\n<p>Finalmente, el CNSIPEE-F 2021 refieren que en el 2020 Oaxaca registro 971 ingresos y 574 egresos.<\/p>\n\n\n\n<p>El censo destaca que a nivel nacional la poblaci\u00f3n privada de la libertad en M\u00e9xico es de 211 mil 169 personas; 94.4 por ciento varones y 5.6 por ciento mujeres. Dicha cifra representa un aumento de 6.2 por ciento con respecto al 2019.&nbsp;<\/p>\n\n\n\n<p>De total de personas que se encuentran al interior de un centro penitenciario, 37.9 por ciento se encontraban sin sentencia, 14.4 por ciento con sentencia no definitiva y 41.7 por ciento con sentencia definitiva.&nbsp;&nbsp;<\/p>\n","protected":false},"excerpt":{"rendered":"<p>Evlin Arag\u00f3n\/Zona Roja. Oaxaca de Ju\u00e1rez, Oax., 20 de julio de 2021.- Oaxaca es la&hellip;<\/p>\n","protected":false},"author":2,"featured_media":24072,"comment_status":"closed","ping_status":"open","sticky":false,"template":"","format":"standard","meta":{"_lmt_disableupdate":"","_lmt_disable":"","_jetpack_memberships_contains_paid_content":false,"footnotes":""},"categories":[109,47],"tags":[175],"class_list":["post-29971","post","type-post","status-publish","format-standard","has-post-thumbnail","hentry","category-minuto-a-minuto","category-zona-gris","tag-secretaria-de-seguridad-publica-de-oaxaca"],"jetpack_featured_media_url":"https:\/\/zonaroja.com.mx\/wp-content\/uploads\/2021\/02\/Reclusorio-Tanivet.jpg","jetpack_sharing_enabled":true,"_links":{"self":[{"href":"https:\/\/zonaroja.com.mx\/index.php?rest_route=\/wp\/v2\/posts\/29971","targetHints":{"allow":["GET"]}}],"collection":[{"href":"https:\/\/zonaroja.com.mx\/index.php?rest_route=\/wp\/v2\/posts"}],"about":[{"href":"https:\/\/zonaroja.com.mx\/index.php?rest_route=\/wp\/v2\/types\/post"}],"author":[{"embeddable":true,"href":"https:\/\/zonaroja.com.mx\/index.php?rest_route=\/wp\/v2\/users\/2"}],"replies":[{"embeddable":true,"href":"https:\/\/zonaroja.com.mx\/index.php?rest_route=%2Fwp%2Fv2%2Fcomments&post=29971"}],"version-history":[{"count":1,"href":"https:\/\/zonaroja.com.mx\/index.php?rest_route=\/wp\/v2\/posts\/29971\/revisions"}],"predecessor-version":[{"id":29972,"href":"https:\/\/zonaroja.com.mx\/index.php?rest_route=\/wp\/v2\/posts\/29971\/revisions\/29972"}],"wp:featuredmedia":[{"embeddable":true,"href":"https:\/\/zonaroja.com.mx\/index.php?rest_route=\/wp\/v2\/media\/24072"}],"wp:attachment":[{"href":"https:\/\/zonaroja.com.mx\/index.php?rest_route=%2Fwp%2Fv2%2Fmedia&parent=29971"}],"wp:term":[{"taxonomy":"category","embeddable":true,"href":"https:\/\/zonaroja.com.mx\/index.php?rest_route=%2Fwp%2Fv2%2Fcategories&post=29971"},{"taxonomy":"post_tag","embeddable":true,"href":"https:\/\/zonaroja.com.mx\/index.php?rest_route=%2Fwp%2Fv2%2Ftags&post=29971"}],"curies":[{"name":"wp","href":"https:\/\/api.w.org\/{rel}","templated":true}]}}