{"id":29975,"date":"2021-07-20T22:12:32","date_gmt":"2021-07-21T03:12:32","guid":{"rendered":"http:\/\/www.zonaroja.com.mx\/?p=29975"},"modified":"2021-07-20T22:12:35","modified_gmt":"2021-07-21T03:12:35","slug":"registra-oaxaca-310-casos-de-covid-en-69-municipios-asi-como-10-muertes","status":"publish","type":"post","link":"https:\/\/zonaroja.com.mx\/?p=29975","title":{"rendered":"Registra Oaxaca 310 casos de Covid en 69 municipios, as\u00ed como 10 muertes"},"content":{"rendered":"\n<p>Redacci\u00f3n\/Zona Roja.<\/p>\n\n\n\n<p>Oaxaca de Ju\u00e1rez, Oax. 20 de julio de 2021.- Al corte de este martes, los Servicios de Salud de Oaxaca (SSO) han registrado 310 casos nuevos de Covid-19 en 69 municipios.<\/p>\n\n\n\n<p>Siendo el primer lugar Oaxaca de Ju\u00e1rez con 31, Ciudad Ixtepec 24, Juchit\u00e1n de Zaragoza 20, Barrio de la Soledad 18, San Pedro Mixtepec 17, San Pedro Teutila 14, Santa Mar\u00eda Huatulco 13, Santa Cruz Xoxocotl\u00e1n 12, Tuxtepec 11, Putla Villa de Guerrero 10, el resto de nueve a un solo caso.<\/p>\n\n\n\n<p>En este sentido, la instituci\u00f3n vuelve a hacer un llamado a la poblaci\u00f3n, as\u00ed como a las autoridades municipales, prestadores de servicios, hoteles, restaurantes, centros comerciales y establecimientos, para que implementen las medidas sanitarias obligatorias como el uso del cubrebocas, aplicar la sana distancia y el lavado de manos con agua y jab\u00f3n.<\/p>\n\n\n\n<p>Y es que en total se han acumulado 51 mil 725 casos confirmados y nueve decesos que suman cuatro mil 43 defunciones, hay mil 405 personas activas con la enfermedad.<\/p>\n\n\n\n<p>Se han notificado 90 mil cuatro casos, de los cuales, 33 mil 87 han sido negativos, hay cinco mil 192 casos sospechosos, y 46 mil 277 se han recuperado.<\/p>\n\n\n\n<figure class=\"wp-block-embed-twitter wp-block-embed is-type-rich is-provider-twitter\"><div class=\"wp-block-embed__wrapper\">\n<div class=\"twitter-tweet\"><blockquote class=\"twitter-tweet\" data-lang=\"es\"><p lang=\"es\" dir=\"ltr\"><a href=\"https:\/\/twitter.com\/hashtag\/%C3%9AltimoMinuto?src=hash&amp;ref_src=twsrc%5Etfw\">#\u00daltimoMinuto<\/a><br>Covid al extremo tambi\u00e9n en <a href=\"https:\/\/twitter.com\/hashtag\/Oaxaca?src=hash&amp;ref_src=twsrc%5Etfw\">#Oaxaca<\/a>: este martes los <a href=\"https:\/\/twitter.com\/SSO_GobOax?ref_src=twsrc%5Etfw\">@SSO_GobOax<\/a> reportan 310 casos positivos, con lo que se acumulan 51 mil 725 casos confirmados.<br>Adem\u00e1s, 9 decesos, para un total de 4 mil 43 fallecimientos.<br>Hay 11 hospitales llenos de pacientes.<a href=\"https:\/\/twitter.com\/hashtag\/Qu%C3%A9dateEnCasa?src=hash&amp;ref_src=twsrc%5Etfw\">#Qu\u00e9dateEnCasa<\/a> <a href=\"https:\/\/t.co\/qV3xRo2pOE\">pic.twitter.com\/qV3xRo2pOE<\/a><\/p>&mdash; Zona Roja Oaxaca (@Zona_Roja_Oax) <a href=\"https:\/\/twitter.com\/Zona_Roja_Oax\/status\/1417656701218705409?ref_src=twsrc%5Etfw\">21 de julio de 2021<\/a><\/blockquote><\/div>\n<\/div><\/figure>\n\n\n\n<p>La Jurisdicci\u00f3n Sanitaria uno Valles Centrales, registra 33 mil 849 casos confirmados y mil 927 defunciones, Istmo cinco mil 690 casos confirmados y 800 defunciones, Tuxtepec tres mil 140 casos confirmados y 357 defunciones, Costa tres mil 34 casos confirmados y 322 defunciones, Mixteca cuatro mil 196 casos confirmados y 410 defunciones, Sierra mil 816 casos confirmados y 227 defunciones.<\/p>\n\n\n\n<p>De las cuatro mil 43 defunciones, dos mil 609 son hombres y mil 434 mujeres; el grupo de edad m\u00e1s afectado es el de 65 y m\u00e1s a\u00f1os con mil 918, seguido de 50 a 59 a\u00f1os con 890, 60 a 64 a\u00f1os con 579; las comorbilidades asociadas son la hipertensi\u00f3n arterial, diabetes, obesidad e insuficiencia renal.<\/p>\n\n\n\n<p>En relaci\u00f3n a la ocupaci\u00f3n hospitalaria, hay un 47.5% global, 11 hospitales est\u00e1n al 100%, hay 28 nuevos hospitalizados, hay 178 camas ocupadas de un total de 375 y disponibles 197.<\/p>\n\n\n\n<p>La Jurisdicci\u00f3n de Valles Centrales registra un 37.8%, Istmo 60.4%, Tuxtepec 64.5%, Costa 57.1%, Mixteca 42.3%, Sierra 0%.<\/p>\n\n\n\n<p>Finalmente, la instituci\u00f3n exhorta a las personas que se han vacunado con primera y segunda dosis y tienen el esquema completo contra la Covid-19 a no bajar la guardia, continuar con el uso correcto del cubrebocas, aplicar la sana distancia y el lavado de manos, no hacer fiestas o reuniones y evitar los lugares concurridos para evitar la propagaci\u00f3n del SARS-CoV-2.<\/p>\n\n\n\n<p>(Comunicado)<\/p>\n","protected":false},"excerpt":{"rendered":"<p>Redacci\u00f3n\/Zona Roja. Oaxaca de Ju\u00e1rez, Oax. 20 de julio de 2021.- Al corte de este&hellip;<\/p>\n","protected":false},"author":2,"featured_media":29976,"comment_status":"closed","ping_status":"open","sticky":false,"template":"","format":"standard","meta":{"_lmt_disableupdate":"","_lmt_disable":"","_jetpack_memberships_contains_paid_content":false,"footnotes":""},"categories":[109,47],"tags":[1512],"class_list":["post-29975","post","type-post","status-publish","format-standard","has-post-thumbnail","hentry","category-minuto-a-minuto","category-zona-gris","tag-coronavirus-oaxaca"],"jetpack_featured_media_url":"https:\/\/zonaroja.com.mx\/wp-content\/uploads\/2021\/07\/20-de-julio-2021-Comunicado-Te\u0301cnico.jpg","jetpack_sharing_enabled":true,"_links":{"self":[{"href":"https:\/\/zonaroja.com.mx\/index.php?rest_route=\/wp\/v2\/posts\/29975","targetHints":{"allow":["GET"]}}],"collection":[{"href":"https:\/\/zonaroja.com.mx\/index.php?rest_route=\/wp\/v2\/posts"}],"about":[{"href":"https:\/\/zonaroja.com.mx\/index.php?rest_route=\/wp\/v2\/types\/post"}],"author":[{"embeddable":true,"href":"https:\/\/zonaroja.com.mx\/index.php?rest_route=\/wp\/v2\/users\/2"}],"replies":[{"embeddable":true,"href":"https:\/\/zonaroja.com.mx\/index.php?rest_route=%2Fwp%2Fv2%2Fcomments&post=29975"}],"version-history":[{"count":1,"href":"https:\/\/zonaroja.com.mx\/index.php?rest_route=\/wp\/v2\/posts\/29975\/revisions"}],"predecessor-version":[{"id":29977,"href":"https:\/\/zonaroja.com.mx\/index.php?rest_route=\/wp\/v2\/posts\/29975\/revisions\/29977"}],"wp:featuredmedia":[{"embeddable":true,"href":"https:\/\/zonaroja.com.mx\/index.php?rest_route=\/wp\/v2\/media\/29976"}],"wp:attachment":[{"href":"https:\/\/zonaroja.com.mx\/index.php?rest_route=%2Fwp%2Fv2%2Fmedia&parent=29975"}],"wp:term":[{"taxonomy":"category","embeddable":true,"href":"https:\/\/zonaroja.com.mx\/index.php?rest_route=%2Fwp%2Fv2%2Fcategories&post=29975"},{"taxonomy":"post_tag","embeddable":true,"href":"https:\/\/zonaroja.com.mx\/index.php?rest_route=%2Fwp%2Fv2%2Ftags&post=29975"}],"curies":[{"name":"wp","href":"https:\/\/api.w.org\/{rel}","templated":true}]}}