{"id":29981,"date":"2021-07-21T07:44:10","date_gmt":"2021-07-21T12:44:10","guid":{"rendered":"http:\/\/www.zonaroja.com.mx\/?p=29981"},"modified":"2021-07-21T07:44:14","modified_gmt":"2021-07-21T12:44:14","slug":"fatal-tercera-ola-de-covid-pero-gatell-dice-que-no-habra-restricciones","status":"publish","type":"post","link":"https:\/\/zonaroja.com.mx\/?p=29981","title":{"rendered":"Fatal tercera ola de Covid\u2026 pero Gatell dice que no habr\u00e1 restricciones"},"content":{"rendered":"\n<p>Redacci\u00f3n\/Zona Roja Cdmx.<\/p>\n\n\n\n<p>Ciudad de M\u00e9xico, 21 de julio de 2021.- La tercera ola de Covid-19 ya es peor que la primera, pero pese a ello el gobierno de M\u00e9xico asegura que en el nuevo sem\u00e1foro epidemiol\u00f3gico, no habr\u00e1 restricciones ni confinamientos.<\/p>\n\n\n\n<p>\u201cCon la tercera ola de contagios de Covid-19 no habr\u00e1 cierres absolutos de lugares p\u00fablicos, pues la gente ya est\u00e1 cansada de lo que ha vivido con la pandemia\u201d, inform\u00f3 ayer el subsecretario de Salud, Hugo L\u00f3pez-Gatell.<\/p>\n\n\n\n<p>\u201cEl confinamiento ya no va a implicar cierres absolutos como los signific\u00f3 el inicio de la jornada nacional de sana distancia\u201d, dijo el funcionario.<\/p>\n\n\n\n<p>Tan s\u00f3lo este martes, en el pa\u00eds se registraron 13 mil 853 contagios y 341 muertes de Covid-19 en 24 horas, de acuerdo con la Secretar\u00eda de Salud.<\/p>\n\n\n\n<p>El pa\u00eds acumula dos millones 678 mil 297 de casos y 236 mil 810 decesos confirmados desde el inicio de la pandemia.<\/p>\n\n\n\n<p>En tanto, en las \u00faltimas dos semanas, el n\u00famero de personas hospitalizadas por COVID-19 subi\u00f3 62.5 por ciento en el pa\u00eds.<\/p>\n\n\n\n<p>El gobierno federal, mediante el subsecretario de Prevenci\u00f3n&nbsp; y Promoci\u00f3n de la Salud, Hugo L\u00f3pez-Gatell, confirm\u00f3 el 6 de julio pasado la tercera ola de COVID-19 en M\u00e9xico.<\/p>\n\n\n\n<p>Ese d\u00eda hab\u00eda cuatro mil 103 pacientes hospitalizados en camas para atender infecciones respiratorias agudas graves (IRAG), sin contar las camas de unidades de cuidados intensivos.<\/p>\n\n\n\n<p>A dos semanas de distancia, el 19 de julio, la cifra lleg\u00f3 a seis mil 668 pacientes, un incremento de dos mil 565 personas, equivalente a 62.5 por ciento, de acuerdo con una revisi\u00f3n a los datos oficiales de la plataforma de la RED IRAG.&nbsp;<\/p>\n\n\n\n<p>\u201cPresentamos ante el Consejo Nacional de Salud la iniciativa de modificaci\u00f3n de ciertos aspectos de la metodolog\u00eda, porque ya incluso en el color m\u00e1s alto de la escala no implica cierres absolutos (de sectores).<\/p>\n\n\n\n<p>\u201cYa hay actividades p\u00fablicas, en particular la educaci\u00f3n, que no ser\u00e1n sujetas a cierre en el mismo contexto que fueron consideradas las actividades econ\u00f3micas esenciales cuando el confinamiento fue severo. No debe extra\u00f1ar que haya espacios p\u00fablicos que permanezcan abiertos a\u00fan cuando haya crecimiento de la epidemia, como en Quintana Roo\u201d, asegur\u00f3 ayer L\u00f3pez Gatell.<\/p>\n","protected":false},"excerpt":{"rendered":"<p>Redacci\u00f3n\/Zona Roja Cdmx. Ciudad de M\u00e9xico, 21 de julio de 2021.- La tercera ola de&hellip;<\/p>\n","protected":false},"author":2,"featured_media":29982,"comment_status":"closed","ping_status":"open","sticky":false,"template":"","format":"standard","meta":{"_lmt_disableupdate":"","_lmt_disable":"","_jetpack_memberships_contains_paid_content":false,"footnotes":""},"categories":[109,47],"tags":[1328],"class_list":["post-29981","post","type-post","status-publish","format-standard","has-post-thumbnail","hentry","category-minuto-a-minuto","category-zona-gris","tag-coronavirus-mexico"],"jetpack_featured_media_url":"https:\/\/zonaroja.com.mx\/wp-content\/uploads\/2021\/07\/Coronavirus-Mexico-hospitalizados.jpg","jetpack_sharing_enabled":true,"_links":{"self":[{"href":"https:\/\/zonaroja.com.mx\/index.php?rest_route=\/wp\/v2\/posts\/29981","targetHints":{"allow":["GET"]}}],"collection":[{"href":"https:\/\/zonaroja.com.mx\/index.php?rest_route=\/wp\/v2\/posts"}],"about":[{"href":"https:\/\/zonaroja.com.mx\/index.php?rest_route=\/wp\/v2\/types\/post"}],"author":[{"embeddable":true,"href":"https:\/\/zonaroja.com.mx\/index.php?rest_route=\/wp\/v2\/users\/2"}],"replies":[{"embeddable":true,"href":"https:\/\/zonaroja.com.mx\/index.php?rest_route=%2Fwp%2Fv2%2Fcomments&post=29981"}],"version-history":[{"count":1,"href":"https:\/\/zonaroja.com.mx\/index.php?rest_route=\/wp\/v2\/posts\/29981\/revisions"}],"predecessor-version":[{"id":29983,"href":"https:\/\/zonaroja.com.mx\/index.php?rest_route=\/wp\/v2\/posts\/29981\/revisions\/29983"}],"wp:featuredmedia":[{"embeddable":true,"href":"https:\/\/zonaroja.com.mx\/index.php?rest_route=\/wp\/v2\/media\/29982"}],"wp:attachment":[{"href":"https:\/\/zonaroja.com.mx\/index.php?rest_route=%2Fwp%2Fv2%2Fmedia&parent=29981"}],"wp:term":[{"taxonomy":"category","embeddable":true,"href":"https:\/\/zonaroja.com.mx\/index.php?rest_route=%2Fwp%2Fv2%2Fcategories&post=29981"},{"taxonomy":"post_tag","embeddable":true,"href":"https:\/\/zonaroja.com.mx\/index.php?rest_route=%2Fwp%2Fv2%2Ftags&post=29981"}],"curies":[{"name":"wp","href":"https:\/\/api.w.org\/{rel}","templated":true}]}}