{"id":29987,"date":"2021-07-21T08:01:57","date_gmt":"2021-07-21T13:01:57","guid":{"rendered":"http:\/\/www.zonaroja.com.mx\/?p=29987"},"modified":"2021-07-21T08:02:00","modified_gmt":"2021-07-21T13:02:00","slug":"presentan-de-manera-formal-iniciativa-para-restructurar-figura-legal-del-mototaxi","status":"publish","type":"post","link":"https:\/\/zonaroja.com.mx\/?p=29987","title":{"rendered":"Presentan de manera formal iniciativa para restructurar figura legal del mototaxi"},"content":{"rendered":"\n<p>Redacci\u00f3n\/Zona Roja.<\/p>\n\n\n\n<p>Oaxaca de Ju\u00e1rez, Oax., 21 de julio de 2021.- De manera formal y ante a los servicios parlamentarios del Congreso del Estado de Oaxaca, fue presentada la iniciativa ciudadana que busca la restructuraci\u00f3n de la figura legal del mototaxi, adem\u00e1s de la reforma al art\u00edculo 114 de la Ley de Movilidad para evitar tr\u00e1fico de influencias en concesiones de este tipo.<\/p>\n\n\n\n<p>El vocero y el secretario General del Movimiento de Izquierda Revolucionaria Oaxaca Gregory Tu\u00f1ones y Cristian Garc\u00eda Cruz informaron respectivamente que la propuesta, en la que tambi\u00e9n participaron j\u00f3venes estudiantes, busca mejorar las condiciones en el sector.<\/p>\n\n\n\n<p>\u201cLa iniciativa propone la restructuraci\u00f3n de la figura legal del mototaxi abrogando as\u00ed el decreto mil 731 publicado el 30 de septiembre del a\u00f1o pasado adem\u00e1s propone la reforma al art\u00edculo 114 de la Ley de Movilidad para que los estudios de factibilidad no se realicen por parte del municipio y evitar tr\u00e1fico de influencias\u201d, sostuvieron.<\/p>\n\n\n\n<p>Hace unos d\u00edas los integrantes de esta organizaci\u00f3n y j\u00f3venes estudiantes fueron bien recibidos por el diputado Horacio Sosa Villavicencio, quien se comprometi\u00f3 a llevar al pleno la iniciativa que fue recibida por los Servicios Parlamentarios del Congreso del Estado, este martes de manera formal<\/p>\n","protected":false},"excerpt":{"rendered":"<p>Redacci\u00f3n\/Zona Roja. Oaxaca de Ju\u00e1rez, Oax., 21 de julio de 2021.- De manera formal y&hellip;<\/p>\n","protected":false},"author":2,"featured_media":29988,"comment_status":"closed","ping_status":"open","sticky":false,"template":"","format":"standard","meta":{"_lmt_disableupdate":"","_lmt_disable":"","_jetpack_memberships_contains_paid_content":false,"footnotes":""},"categories":[109,47],"tags":[2810],"class_list":["post-29987","post","type-post","status-publish","format-standard","has-post-thumbnail","hentry","category-minuto-a-minuto","category-zona-gris","tag-mototaxis-oaxaca"],"jetpack_featured_media_url":"https:\/\/zonaroja.com.mx\/wp-content\/uploads\/2021\/07\/Mototaxis-Oaxaca.jpeg","jetpack_sharing_enabled":true,"_links":{"self":[{"href":"https:\/\/zonaroja.com.mx\/index.php?rest_route=\/wp\/v2\/posts\/29987","targetHints":{"allow":["GET"]}}],"collection":[{"href":"https:\/\/zonaroja.com.mx\/index.php?rest_route=\/wp\/v2\/posts"}],"about":[{"href":"https:\/\/zonaroja.com.mx\/index.php?rest_route=\/wp\/v2\/types\/post"}],"author":[{"embeddable":true,"href":"https:\/\/zonaroja.com.mx\/index.php?rest_route=\/wp\/v2\/users\/2"}],"replies":[{"embeddable":true,"href":"https:\/\/zonaroja.com.mx\/index.php?rest_route=%2Fwp%2Fv2%2Fcomments&post=29987"}],"version-history":[{"count":1,"href":"https:\/\/zonaroja.com.mx\/index.php?rest_route=\/wp\/v2\/posts\/29987\/revisions"}],"predecessor-version":[{"id":29989,"href":"https:\/\/zonaroja.com.mx\/index.php?rest_route=\/wp\/v2\/posts\/29987\/revisions\/29989"}],"wp:featuredmedia":[{"embeddable":true,"href":"https:\/\/zonaroja.com.mx\/index.php?rest_route=\/wp\/v2\/media\/29988"}],"wp:attachment":[{"href":"https:\/\/zonaroja.com.mx\/index.php?rest_route=%2Fwp%2Fv2%2Fmedia&parent=29987"}],"wp:term":[{"taxonomy":"category","embeddable":true,"href":"https:\/\/zonaroja.com.mx\/index.php?rest_route=%2Fwp%2Fv2%2Fcategories&post=29987"},{"taxonomy":"post_tag","embeddable":true,"href":"https:\/\/zonaroja.com.mx\/index.php?rest_route=%2Fwp%2Fv2%2Ftags&post=29987"}],"curies":[{"name":"wp","href":"https:\/\/api.w.org\/{rel}","templated":true}]}}