{"id":2999,"date":"2019-08-11T15:21:52","date_gmt":"2019-08-11T20:21:52","guid":{"rendered":"http:\/\/www.zonaroja.com.mx\/?p=2999"},"modified":"2019-08-11T16:41:26","modified_gmt":"2019-08-11T21:41:26","slug":"mientras-fiscal-socializa-en-la-mixteca-victima-pide-apoyo-desde-hace-dos-dias","status":"publish","type":"post","link":"https:\/\/zonaroja.com.mx\/?p=2999","title":{"rendered":"Mientras fiscal socializa, en la Mixteca v\u00edctima pide apoyo desde hace dos d\u00edas"},"content":{"rendered":"\n<p>Redacci\u00f3n\/Zona\nRoja.<\/p>\n\n\n\n<p>Oaxaca de Ju\u00e1rez, Oax., 11 de agosto de 2019.- \u201cEn #SanMart\u00ednMexicapan, el Fiscal General, @RVasconcelosM, se reuni\u00f3 con autoridades de la Agencia Municipal, l\u00edderes sociales y pobladores para escuchar sus demandas en materia de seguridad y procuraci\u00f3n de justicia\u201d, difundi\u00f3 ayer la Fiscal\u00eda General del Estado, a trav\u00e9s de sus redes sociales.<\/p>\n\n\n\n<p>Pero las im\u00e1genes que asemejan de una campa\u00f1a proselitista, no concuerdan con la realidad. <\/p>\n\n\n\n<figure class=\"wp-block-embed-twitter wp-block-embed is-type-rich is-provider-twitter\"><div class=\"wp-block-embed__wrapper\">\n<div class=\"twitter-tweet\"><blockquote class=\"twitter-tweet\" data-lang=\"es\"><p lang=\"es\" dir=\"ltr\">En <a href=\"https:\/\/twitter.com\/hashtag\/SanMart%C3%ADnMexicapan?src=hash&amp;ref_src=twsrc%5Etfw\">#SanMart\u00ednMexicapan<\/a>, el Fiscal General, <a href=\"https:\/\/twitter.com\/RVasconcelosM?ref_src=twsrc%5Etfw\">@RVasconcelosM<\/a>, se reuni\u00f3 con autoridades de la Agencia Municipal, l\u00edderes sociales y pobladores para escuchar sus demandas en materia de seguridad y procuraci\u00f3n de justicia. <a href=\"https:\/\/twitter.com\/hashtag\/Fiscal%C3%ADaEnTuComunidad?src=hash&amp;ref_src=twsrc%5Etfw\">#Fiscal\u00edaEnTuComunidad<\/a> <a href=\"https:\/\/t.co\/R5cxfi2atw\">pic.twitter.com\/R5cxfi2atw<\/a><\/p>&mdash; Fiscal\u00eda General (@FISCALIA_GobOax) <a href=\"https:\/\/twitter.com\/FISCALIA_GobOax\/status\/1160259997059518464?ref_src=twsrc%5Etfw\">10 de agosto de 2019<\/a><\/blockquote><\/div>\n<\/div><\/figure>\n\n\n\n<p>Desde el viernes,\nen la Heroica Ciudad de Tlaxiaco, un ind\u00edgena proveniente de Santiago Amoltepec,\ndistante unas cinco horas de esa cabecera distrital, espera que el personal de\nla Vicefiscal\u00eda Regional de la Mixteca practique una necropsia de ley a un\nfamiliar.<\/p>\n\n\n\n<p>Al hombre le falleci\u00f3 una persona debido a un accidente carretero; no obstante, para que le entreguen el cuerpo y lo lleve de regreso a su pueblo requiere de dicho procedimiento legal.<\/p>\n\n\n\n<p>\u201cLas\npersonas son de escasos recursos econ\u00f3micos, pero eso no importa a los\ntrabajadores de la FGEO (Fiscal\u00eda General del Estado de Oaxaca) que no realizan\ndebidamente su trabajo\u201d, difundieron este domingo desde Tlaxiaco.<\/p>\n\n\n\n<p>Mientras\ntanto, en la Costa, el periodista Omar Gasga denunci\u00f3 a trav\u00e9s de Facebook que\nelementos de la Agencia Estatal de Investigaciones (AEI), dependiente de la\nFiscal\u00eda General, realiza revisiones en retenes con personal vestido de civil,\nportando fusiles R-15 y veh\u00edculo sin distintivo oficial.<\/p>\n\n\n\n<p>\u201c\u00bfQui\u00e9n autoriza o supervisa este tipo de retenes en Huatulco?&#8230; En vez de confianza, causan temor\u201d, se\u00f1al\u00f3.<\/p>\n\n\n\n<figure class=\"wp-block-embed-twitter wp-block-embed is-type-rich is-provider-twitter\"><div class=\"wp-block-embed__wrapper\">\n<div class=\"twitter-tweet\"><blockquote class=\"twitter-tweet\" data-lang=\"es\"><p lang=\"es\" dir=\"ltr\">\u00bfQui\u00e9n autoriza o supervisa este tipo de retenes de la <a href=\"https:\/\/twitter.com\/AEI_Oaxaca?ref_src=twsrc%5Etfw\">@AEI_Oaxaca<\/a> en <a href=\"https:\/\/twitter.com\/hashtag\/Huatulco?src=hash&amp;ref_src=twsrc%5Etfw\">#Huatulco<\/a>? En vez de confianza causan temor porque los agentes visten de civil, portan fusiles R15 y usan un veh\u00edculo sin distintivo oficial.<a href=\"https:\/\/twitter.com\/RVasconcelosM?ref_src=twsrc%5Etfw\">@RVasconcelosM<\/a> <a href=\"https:\/\/twitter.com\/SSP_GobOax?ref_src=twsrc%5Etfw\">@SSP_GobOax<\/a> <a href=\"https:\/\/twitter.com\/SEMAR_mx?ref_src=twsrc%5Etfw\">@SEMAR_mx<\/a> <a href=\"https:\/\/twitter.com\/alejandromurat?ref_src=twsrc%5Etfw\">@alejandromurat<\/a> <a href=\"https:\/\/t.co\/JWNRRduzir\">pic.twitter.com\/JWNRRduzir<\/a><\/p>&mdash; Omar Gasga (@camaradamarko) <a href=\"https:\/\/twitter.com\/camaradamarko\/status\/1160309983147450373?ref_src=twsrc%5Etfw\">10 de agosto de 2019<\/a><\/blockquote><\/div>\n<\/div><\/figure>\n","protected":false},"excerpt":{"rendered":"<p>Redacci\u00f3n\/Zona Roja. Oaxaca de Ju\u00e1rez, Oax., 11 de agosto de 2019.- \u201cEn #SanMart\u00ednMexicapan, el Fiscal&hellip;<\/p>\n","protected":false},"author":2,"featured_media":3000,"comment_status":"closed","ping_status":"open","sticky":false,"template":"","format":"standard","meta":{"_lmt_disableupdate":"","_lmt_disable":"","_jetpack_memberships_contains_paid_content":false,"footnotes":""},"categories":[109,47],"tags":[494],"class_list":["post-2999","post","type-post","status-publish","format-standard","has-post-thumbnail","hentry","category-minuto-a-minuto","category-zona-gris","tag-fiscalia-general-del-estado-de-oaxaca"],"jetpack_featured_media_url":"https:\/\/zonaroja.com.mx\/wp-content\/uploads\/2019\/08\/70566145-c5cb-4662-ac05-d68b941468c7.jpg","jetpack_sharing_enabled":true,"_links":{"self":[{"href":"https:\/\/zonaroja.com.mx\/index.php?rest_route=\/wp\/v2\/posts\/2999","targetHints":{"allow":["GET"]}}],"collection":[{"href":"https:\/\/zonaroja.com.mx\/index.php?rest_route=\/wp\/v2\/posts"}],"about":[{"href":"https:\/\/zonaroja.com.mx\/index.php?rest_route=\/wp\/v2\/types\/post"}],"author":[{"embeddable":true,"href":"https:\/\/zonaroja.com.mx\/index.php?rest_route=\/wp\/v2\/users\/2"}],"replies":[{"embeddable":true,"href":"https:\/\/zonaroja.com.mx\/index.php?rest_route=%2Fwp%2Fv2%2Fcomments&post=2999"}],"version-history":[{"count":2,"href":"https:\/\/zonaroja.com.mx\/index.php?rest_route=\/wp\/v2\/posts\/2999\/revisions"}],"predecessor-version":[{"id":3003,"href":"https:\/\/zonaroja.com.mx\/index.php?rest_route=\/wp\/v2\/posts\/2999\/revisions\/3003"}],"wp:featuredmedia":[{"embeddable":true,"href":"https:\/\/zonaroja.com.mx\/index.php?rest_route=\/wp\/v2\/media\/3000"}],"wp:attachment":[{"href":"https:\/\/zonaroja.com.mx\/index.php?rest_route=%2Fwp%2Fv2%2Fmedia&parent=2999"}],"wp:term":[{"taxonomy":"category","embeddable":true,"href":"https:\/\/zonaroja.com.mx\/index.php?rest_route=%2Fwp%2Fv2%2Fcategories&post=2999"},{"taxonomy":"post_tag","embeddable":true,"href":"https:\/\/zonaroja.com.mx\/index.php?rest_route=%2Fwp%2Fv2%2Ftags&post=2999"}],"curies":[{"name":"wp","href":"https:\/\/api.w.org\/{rel}","templated":true}]}}