{"id":29999,"date":"2021-07-21T18:12:10","date_gmt":"2021-07-21T23:12:10","guid":{"rendered":"https:\/\/www.zonaroja.com.mx\/?p=29999"},"modified":"2021-07-21T18:51:30","modified_gmt":"2021-07-21T23:51:30","slug":"con-diez-cirugias-a-cuestas-maria-elena-mantiene-exigencia-de-justicia","status":"publish","type":"post","link":"https:\/\/zonaroja.com.mx\/?p=29999","title":{"rendered":"Con diez cirug\u00edas a cuestas, Mar\u00eda Elena mantiene exigencia de justicia"},"content":{"rendered":"\n<p class=\"MsoNormal\">Evlin Arag\u00f3n\/Zona Roja.&nbsp;<\/p>\n\n\n\n<p class=\"MsoNormal\">Oaxaca de Ju\u00e1rez, Oax., 21 de julio de 2021.-&nbsp;Con diez cirug\u00edas en el rostro y cuerpo, debido a las afectaciones que le dejo el ataque con \u00e1cido en su contra, Mar\u00eda Elena R\u00edos mantiene la exigencia a las autoridades estatales para que capturen a Juan Antonio Vera Hern\u00e1ndez, se\u00f1alado como el quinto involucrado en su agresi\u00f3n.&nbsp;&nbsp;<\/p>\n\n\n\n<p class=\"MsoNormal\">Apenas el pasado 16 de julio fue su m\u00e1s reciente intervenci\u00f3n quir\u00fargica, de la cual comparti\u00f3 en sus redes sociales que sali\u00f3 bien y con buen \u00e1nimo, aunque record\u00f3 que uno de sus agresores a\u00fan sigue libre,&nbsp;<\/p>\n\n\n\n<p class=\"MsoNormal\">\u201cGracias a Dios sal\u00ed bien de la cirug\u00eda, gracias a tod@s por sus bellos deseos. Al despertar de la anestesia so\u00f1\u00e9 que iba a ir a #Tlahuitoltepec #Ayutla #Alotepec y que ve\u00eda al maestro Alejandro Carrillo, Eduardo M\u00e9ndez y Lety Gallardo. Por cierto, mi agresor sigue libre\u201d, posteo en su cuenta de Twitter.  <\/p>\n\n\n\n<p class=\"MsoNormal\">D\u00edas despu\u00e9s de ser intervenida, el malestar postoperatorio se hizo presente y el dolor en su cuerpo la hizo dudar sobre si vale la pena seguir; tambi\u00e9n aprovecho para cuestionar al fiscal de Oaxaca, Arturo Peimbert Calvo sobre la tardanza en la captura de su agresor.&nbsp;<\/p>\n\n\n\n<p class=\"MsoNormal\">\u201cAnoche el dolor se intensific\u00f3. Hoy ha sido una ma\u00f1ana dura, llena de esfuerzos que me costaron las l\u00e1grimas. \u00bfVale la pena el dolor? Fiscal @PeimbertArturo \u00bfc\u00f3mo van los esfuerzos por detener al feminicida que me est\u00e1 haciendo pasar por todo esto? #MiAgresorSigueLibre\u201d, escribi\u00f3.&nbsp;&nbsp;<\/p>\n\n\n\n<p class=\"MsoNormal\">La joven saxofonista ha dejado en claro que aunque lleva diez cirug\u00edas hasta el momento, faltan muchas m\u00e1s que, lamentablemente, no le devolver\u00e1n el aspecto que ten\u00eda antes del ataque con \u00e1cido, por ello insisti\u00f3 en que es mucho m\u00e1s f\u00e1cil que las autoridades capturen a su agresor y le hagan justicia.\u00a0<\/p>\n\n\n\n<figure class=\"wp-block-embed-twitter wp-block-embed is-type-rich is-provider-twitter\"><div class=\"wp-block-embed__wrapper\">\n<div class=\"twitter-tweet\"><blockquote class=\"twitter-tweet\" data-lang=\"es\"><p lang=\"es\" dir=\"ltr\">20\/07\/21<br>Anoche el dolor se intensific\u00f3<a href=\"https:\/\/twitter.com\/hashtag\/Hoy?src=hash&amp;ref_src=twsrc%5Etfw\">#Hoy<\/a> ha sido una ma\u00f1ana dura, llena de esfuerzos que me costaron las l\u00e1grimas. \u00bfVale la pena el dolor? Fiscal <a href=\"https:\/\/twitter.com\/PeimbertArturo?ref_src=twsrc%5Etfw\">@PeimbertArturo<\/a>  \u00bfc\u00f3mo van los esfuerzos por detener al feminicida que me est\u00e1 haciendo pasar por todo esto? <a href=\"https:\/\/twitter.com\/hashtag\/MiAgresorSigueLibre?src=hash&amp;ref_src=twsrc%5Etfw\">#MiAgresorSigueLibre<\/a> <a href=\"https:\/\/t.co\/BB7xYmeeyl\">pic.twitter.com\/BB7xYmeeyl<\/a><\/p>&mdash; Elena R\u00edos \ud83c\udfb7 (@_ElenaRios) <a href=\"https:\/\/twitter.com\/_ElenaRios\/status\/1417471163228360707?ref_src=twsrc%5Etfw\">20 de julio de 2021<\/a><\/blockquote><\/div>\n<\/div><\/figure>\n\n\n\n<p class=\"MsoNormal\">\u201cDiez cirug\u00edas no es f\u00e1cil, tengo que pasar por muchas m\u00e1s y ni a\u00fan as\u00ed quedar\u00e9 igual, jam\u00e1s. Detenerlo es mucho m\u00e1s sencillo @FISCALIA_GobOax @PeimbertArturo hoy estoy agotada y adolorida pero nunca me cansar\u00e9 de pedir justicia porque m\u00ednimo eso merezco. Ay\u00fadenme por favor\u201d, manifest\u00f3.&nbsp;&nbsp;<\/p>\n\n\n\n<p class=\"MsoNormal\">La principal demanda de Mar\u00eda Elena R\u00edos es la captura de Juan Antonio Vera Hern\u00e1ndez, quinto implicado en su ataque y por quien la Fiscal\u00eda General de Oaxaca ofrece una recompensa de hasta un mill\u00f3n de pesos a quien o quienes proporcionen informaci\u00f3n veraz, \u00fatil y eficaz para dar con su paradero.&nbsp;<\/p>\n\n\n\n<p class=\"MsoNormal\">Fue a finales del mes de junio que, tras intensos reclamos y exigencias, la dependencia emiti\u00f3 una ficha de b\u00fasqueda con recompensa para localizar al hijo del empresario y ex diputado local, Juan Vera Carrizal, detenido ya como autor intelectual del intento de feminicidio.&nbsp;<\/p>\n\n\n\n<p class=\"MsoNormal\">\u201cTodos los d\u00edas al despertar, lo primero que hago es revisar mi celular, esperando ver un mensaje o llamada perdida de @PeimbertArturo informando la captura del 5to agresor del #intentodefeminicidio del que fui v\u00edctima. #ElJuniorsiguelibre y el fiscal pule la impunidad en Oaxaca\u201d, poste\u00f3 Mar\u00eda Elena el mi\u00e9rcoles 23 de junio. <\/p>\n","protected":false},"excerpt":{"rendered":"<p>Evlin Arag\u00f3n\/Zona Roja.&nbsp; Oaxaca de Ju\u00e1rez, Oax., 21 de julio de 2021.-&nbsp;Con diez cirug\u00edas en&hellip;<\/p>\n","protected":false},"author":2,"featured_media":28651,"comment_status":"closed","ping_status":"open","sticky":false,"template":"","format":"standard","meta":{"_lmt_disableupdate":"","_lmt_disable":"","_jetpack_memberships_contains_paid_content":false,"footnotes":""},"categories":[109,47],"tags":[1124],"class_list":["post-29999","post","type-post","status-publish","format-standard","has-post-thumbnail","hentry","category-minuto-a-minuto","category-zona-gris","tag-maria-elena-rios-ortiz"],"jetpack_featured_media_url":"https:\/\/zonaroja.com.mx\/wp-content\/uploads\/2021\/06\/Maria-Elena-Rios-3.jpg","jetpack_sharing_enabled":true,"_links":{"self":[{"href":"https:\/\/zonaroja.com.mx\/index.php?rest_route=\/wp\/v2\/posts\/29999","targetHints":{"allow":["GET"]}}],"collection":[{"href":"https:\/\/zonaroja.com.mx\/index.php?rest_route=\/wp\/v2\/posts"}],"about":[{"href":"https:\/\/zonaroja.com.mx\/index.php?rest_route=\/wp\/v2\/types\/post"}],"author":[{"embeddable":true,"href":"https:\/\/zonaroja.com.mx\/index.php?rest_route=\/wp\/v2\/users\/2"}],"replies":[{"embeddable":true,"href":"https:\/\/zonaroja.com.mx\/index.php?rest_route=%2Fwp%2Fv2%2Fcomments&post=29999"}],"version-history":[{"count":2,"href":"https:\/\/zonaroja.com.mx\/index.php?rest_route=\/wp\/v2\/posts\/29999\/revisions"}],"predecessor-version":[{"id":30001,"href":"https:\/\/zonaroja.com.mx\/index.php?rest_route=\/wp\/v2\/posts\/29999\/revisions\/30001"}],"wp:featuredmedia":[{"embeddable":true,"href":"https:\/\/zonaroja.com.mx\/index.php?rest_route=\/wp\/v2\/media\/28651"}],"wp:attachment":[{"href":"https:\/\/zonaroja.com.mx\/index.php?rest_route=%2Fwp%2Fv2%2Fmedia&parent=29999"}],"wp:term":[{"taxonomy":"category","embeddable":true,"href":"https:\/\/zonaroja.com.mx\/index.php?rest_route=%2Fwp%2Fv2%2Fcategories&post=29999"},{"taxonomy":"post_tag","embeddable":true,"href":"https:\/\/zonaroja.com.mx\/index.php?rest_route=%2Fwp%2Fv2%2Ftags&post=29999"}],"curies":[{"name":"wp","href":"https:\/\/api.w.org\/{rel}","templated":true}]}}