{"id":30011,"date":"2021-07-21T21:56:20","date_gmt":"2021-07-22T02:56:20","guid":{"rendered":"http:\/\/www.zonaroja.com.mx\/?p=30011"},"modified":"2021-07-21T21:56:54","modified_gmt":"2021-07-22T02:56:54","slug":"ahora-defienden-legisladores-a-jueza-acosada-por-el-poder-ejecutivo","status":"publish","type":"post","link":"https:\/\/zonaroja.com.mx\/?p=30011","title":{"rendered":"Ahora defienden legisladores a jueza acosada por el Poder Ejecutivo"},"content":{"rendered":"\n<p>Redacci\u00f3n\/Zona Roja.<\/p>\n\n\n\n<p>Oaxaca de Ju\u00e1rez, Oax., 21 de julio de 2021.- Luego de no asumir su responsabilidad para designar, conforme a la terna enviada por el titular del Poder Ejecutivo, y que \u00e9ste designara a dos magistrados varones en las vacantes, ahora el Congreso del Estado de Oaxaca sali\u00f3 en defensa de una jueza que impugn\u00f3 dichos nombramientos.<\/p>\n\n\n\n<p>Este mi\u00e9rcoles, en sesi\u00f3n ordinaria, el pleno solicit\u00f3 a la Suprema Corte de Justicia de la Naci\u00f3n, ejercer la facultad de atracci\u00f3n en el juicio de amparo indirecto 591\/2021, radicado ante el juzgado Decimoprimero de Distrito en el Estado, promovido por la jueza Erika Mar\u00eda Rodr\u00edguez Rodr\u00edguez.<\/p>\n\n\n\n<p>\u201cDe esta manera, se busca que el tema sea analizado en concordancia con los principios y derechos reconocidos en tratados internacionales suscritos por el Estado mexicano, y se establezca el procedimiento para la designaci\u00f3n de integrantes del Poder Judicial de Oaxaca, en observancia al principio de divisi\u00f3n de poderes\u201d, sostuvo en un comunicado.<\/p>\n\n\n\n<p>Asimismo, \u201cpara que se garantice la paridad de g\u00e9nero en la integraci\u00f3n de los \u00f3rganos de toma de decisi\u00f3n p\u00fablica en la entidad, y se salvaguarden los principios rectores que deben observar todos los juzgadores al momento de resolver cualquier controversia\u201d.<\/p>\n\n\n\n<p>El recurso de queja promovido por la juzgadora, fue por el desechamiento del juicio de amparo por actos omisos que provocaron la designaci\u00f3n de dos hombres como magistrados del Tribunal Superior de Justicia del Estado de Oaxaca<\/p>\n\n\n\n<p>Para la jueza, esta acci\u00f3n signific\u00f3 la violaci\u00f3n a los principios de paridad de g\u00e9nero, igualdad de condiciones para las personas participantes y divisi\u00f3n de poderes en el \u00e1mbito local, inform\u00f3 la 64 Legislatura.<\/p>\n\n\n\n<p>No obstante, en su momento, la Diputaci\u00f3n Permanente no convoc\u00f3 a una sesi\u00f3n extraordinaria del pleno, para analizar la terna; argumentaron falta de qu\u00f3rum para reunirse, justo en el plazo en que deb\u00eda tomar la determinaci\u00f3n el Congreso, lo que origin\u00f3 que el gobernador Alejandro Murat avalara la designaci\u00f3n de dos varones magistrados.<\/p>\n","protected":false},"excerpt":{"rendered":"<p>Redacci\u00f3n\/Zona Roja. Oaxaca de Ju\u00e1rez, Oax., 21 de julio de 2021.- Luego de no asumir&hellip;<\/p>\n","protected":false},"author":2,"featured_media":29843,"comment_status":"closed","ping_status":"open","sticky":false,"template":"","format":"standard","meta":{"_lmt_disableupdate":"","_lmt_disable":"","_jetpack_memberships_contains_paid_content":false,"footnotes":""},"categories":[109,47],"tags":[213],"class_list":["post-30011","post","type-post","status-publish","format-standard","has-post-thumbnail","hentry","category-minuto-a-minuto","category-zona-gris","tag-64-legislatura-de-oaxaca"],"jetpack_featured_media_url":"https:\/\/zonaroja.com.mx\/wp-content\/uploads\/2021\/07\/Jueza-Erika-Rodriguez.jpg","jetpack_sharing_enabled":true,"_links":{"self":[{"href":"https:\/\/zonaroja.com.mx\/index.php?rest_route=\/wp\/v2\/posts\/30011","targetHints":{"allow":["GET"]}}],"collection":[{"href":"https:\/\/zonaroja.com.mx\/index.php?rest_route=\/wp\/v2\/posts"}],"about":[{"href":"https:\/\/zonaroja.com.mx\/index.php?rest_route=\/wp\/v2\/types\/post"}],"author":[{"embeddable":true,"href":"https:\/\/zonaroja.com.mx\/index.php?rest_route=\/wp\/v2\/users\/2"}],"replies":[{"embeddable":true,"href":"https:\/\/zonaroja.com.mx\/index.php?rest_route=%2Fwp%2Fv2%2Fcomments&post=30011"}],"version-history":[{"count":1,"href":"https:\/\/zonaroja.com.mx\/index.php?rest_route=\/wp\/v2\/posts\/30011\/revisions"}],"predecessor-version":[{"id":30012,"href":"https:\/\/zonaroja.com.mx\/index.php?rest_route=\/wp\/v2\/posts\/30011\/revisions\/30012"}],"wp:featuredmedia":[{"embeddable":true,"href":"https:\/\/zonaroja.com.mx\/index.php?rest_route=\/wp\/v2\/media\/29843"}],"wp:attachment":[{"href":"https:\/\/zonaroja.com.mx\/index.php?rest_route=%2Fwp%2Fv2%2Fmedia&parent=30011"}],"wp:term":[{"taxonomy":"category","embeddable":true,"href":"https:\/\/zonaroja.com.mx\/index.php?rest_route=%2Fwp%2Fv2%2Fcategories&post=30011"},{"taxonomy":"post_tag","embeddable":true,"href":"https:\/\/zonaroja.com.mx\/index.php?rest_route=%2Fwp%2Fv2%2Ftags&post=30011"}],"curies":[{"name":"wp","href":"https:\/\/api.w.org\/{rel}","templated":true}]}}