{"id":30013,"date":"2021-07-21T22:58:19","date_gmt":"2021-07-22T03:58:19","guid":{"rendered":"http:\/\/www.zonaroja.com.mx\/?p=30013"},"modified":"2021-07-21T22:58:23","modified_gmt":"2021-07-22T03:58:23","slug":"desidia-de-segego-origina-enfrentamiento-entre-triquis-y-pobladores","status":"publish","type":"post","link":"https:\/\/zonaroja.com.mx\/?p=30013","title":{"rendered":"Desidia de Segego origina enfrentamiento entre triquis y pobladores"},"content":{"rendered":"\n<p>Ismael Garc\u00eda M.\/Zona Roja.<\/p>\n\n\n\n<p>Oaxaca de Ju\u00e1rez, Oax., 21 de julio de 2021.- Dos personas lesionadas, una de ellas por herida de bala en el brazo, y una mujer a causa de pedradas, es el saldo preliminar del enfrentamiento entre pobladores y militantes del Movimiento de Unificaci\u00f3n y Lucha Triqui Independiente (MULTI).<\/p>\n\n\n\n<p>La refriega inici\u00f3 poco despu\u00e9s de las 21:00 horas de este mi\u00e9rcoles, luego de la advertencia de habitantes de Hacienda Blanca, San Lorenzo Cacaotepec y San Pablo, Etla, entre otros, que retirar\u00edan por la fuerza el bloqueo a la v\u00eda federal, instalado desde hace tres d\u00edas.<\/p>\n\n\n\n<p>Pese a ello, la Secretar\u00eda General de Gobierno (Segego), a cargo de Francisco Garc\u00eda L\u00f3pez, no tom\u00f3 las previsiones pertinentes, lo que origin\u00f3 el zafarrancho que origin\u00f3 incluso detonaciones de arma de fuego, presuntamente por parte de pobladores.<\/p>\n\n\n\n<p>Tras m\u00e1s de una hora de intercambio de piedras y balazos, una mujer y un hombre, militantes del MULTI, resultaron lesionados y atendidos por el Heroico Cuerpo de Bomberos.<\/p>\n\n\n\n<figure class=\"wp-block-embed-twitter wp-block-embed is-type-rich is-provider-twitter\"><div class=\"wp-block-embed__wrapper\">\n<div class=\"twitter-tweet\"><blockquote class=\"twitter-tweet\" data-lang=\"es\"><p lang=\"es\" dir=\"ltr\"><a href=\"https:\/\/twitter.com\/hashtag\/%C3%9AltimoMinuto?src=hash&amp;ref_src=twsrc%5Etfw\">#\u00daltimoMinuto<\/a> <br>En im\u00e1genes, presuntamente un vecino de comunidades cercanas al crucero de Hacienda Blanca, Etla, Oaxaca, dispara contra ind\u00edgenas Triquis.<br>El saldo preliminar es de dos personas heridas, entre ellas una mujer. <a href=\"https:\/\/t.co\/yJIhXBbyLI\">pic.twitter.com\/yJIhXBbyLI<\/a><\/p>&mdash; Zona Roja Oaxaca (@Zona_Roja_Oax) <a href=\"https:\/\/twitter.com\/Zona_Roja_Oax\/status\/1418047542479134720?ref_src=twsrc%5Etfw\">22 de julio de 2021<\/a><\/blockquote><\/div>\n<\/div><\/figure>\n\n\n\n<p>En tanto, personal de la Polic\u00eda Estatal se mantiene en la zona para evitar mayores confrontaciones.<\/p>\n\n\n\n<p>Polic\u00edas arribaron en la zona por la tarde de hoy, para dialogar con los inconformes, a quienes convencieron por la noche de abrir un carril a la circulaci\u00f3n vehicular; sin embargo, posterior a ello se suscit\u00f3 el enfrentamiento.<\/p>\n\n\n\n<p>Ind\u00edgenas triquis del MULTI comenzaron el pasado lunes sus movilizaciones, en la capital y en el crucero de Hacienda Blanca, al poniente de la capital del estado, en demanda de retorno seguro a Tierra Blanca Copala, Juxtlahuaca, as\u00ed como avancen en las investigaciones respecto a la violencia en la zona, desde diciembre del a\u00f1o pasado.<\/p>\n\n\n\n<p>Despu\u00e9s de las 22:30 horas arrib\u00f3 a la zona el titular de la Secretar\u00eda de Seguridad P\u00fablica de Oaxaca, Heliodoro D\u00edaz Esc\u00e1rraga, tras lo cual la situaci\u00f3n se tranquiliz\u00f3; hasta esta noche, permanecen en el lugar los polic\u00edas.<\/p>\n\n\n\n<figure class=\"wp-block-embed-twitter wp-block-embed is-type-rich is-provider-twitter\"><div class=\"wp-block-embed__wrapper\">\n<div class=\"twitter-tweet\"><blockquote class=\"twitter-tweet\" data-lang=\"es\"><p lang=\"und\" dir=\"ltr\"><a href=\"https:\/\/t.co\/WPzp7kJSfG\">pic.twitter.com\/WPzp7kJSfG<\/a><\/p>&mdash; Sr\u00eda. Seg. P\u00fab. Oax. (@SSP_GobOax) <a href=\"https:\/\/twitter.com\/SSP_GobOax\/status\/1418055698789851136?ref_src=twsrc%5Etfw\">22 de julio de 2021<\/a><\/blockquote><\/div>\n<\/div><\/figure>\n","protected":false},"excerpt":{"rendered":"<p>Ismael Garc\u00eda M.\/Zona Roja. Oaxaca de Ju\u00e1rez, Oax., 21 de julio de 2021.- Dos personas&hellip;<\/p>\n","protected":false},"author":2,"featured_media":30014,"comment_status":"closed","ping_status":"open","sticky":false,"template":"","format":"standard","meta":{"_lmt_disableupdate":"","_lmt_disable":"","_jetpack_memberships_contains_paid_content":false,"footnotes":""},"categories":[109,47],"tags":[2411],"class_list":["post-30013","post","type-post","status-publish","format-standard","has-post-thumbnail","hentry","category-minuto-a-minuto","category-zona-gris","tag-movimiento-de-unificacion-y-lucha-triqui-independiente-multi"],"jetpack_featured_media_url":"https:\/\/zonaroja.com.mx\/wp-content\/uploads\/2021\/07\/Enfrentamiento-triquis-Hacienda-Blanca.jpg","jetpack_sharing_enabled":true,"_links":{"self":[{"href":"https:\/\/zonaroja.com.mx\/index.php?rest_route=\/wp\/v2\/posts\/30013","targetHints":{"allow":["GET"]}}],"collection":[{"href":"https:\/\/zonaroja.com.mx\/index.php?rest_route=\/wp\/v2\/posts"}],"about":[{"href":"https:\/\/zonaroja.com.mx\/index.php?rest_route=\/wp\/v2\/types\/post"}],"author":[{"embeddable":true,"href":"https:\/\/zonaroja.com.mx\/index.php?rest_route=\/wp\/v2\/users\/2"}],"replies":[{"embeddable":true,"href":"https:\/\/zonaroja.com.mx\/index.php?rest_route=%2Fwp%2Fv2%2Fcomments&post=30013"}],"version-history":[{"count":1,"href":"https:\/\/zonaroja.com.mx\/index.php?rest_route=\/wp\/v2\/posts\/30013\/revisions"}],"predecessor-version":[{"id":30015,"href":"https:\/\/zonaroja.com.mx\/index.php?rest_route=\/wp\/v2\/posts\/30013\/revisions\/30015"}],"wp:featuredmedia":[{"embeddable":true,"href":"https:\/\/zonaroja.com.mx\/index.php?rest_route=\/wp\/v2\/media\/30014"}],"wp:attachment":[{"href":"https:\/\/zonaroja.com.mx\/index.php?rest_route=%2Fwp%2Fv2%2Fmedia&parent=30013"}],"wp:term":[{"taxonomy":"category","embeddable":true,"href":"https:\/\/zonaroja.com.mx\/index.php?rest_route=%2Fwp%2Fv2%2Fcategories&post=30013"},{"taxonomy":"post_tag","embeddable":true,"href":"https:\/\/zonaroja.com.mx\/index.php?rest_route=%2Fwp%2Fv2%2Ftags&post=30013"}],"curies":[{"name":"wp","href":"https:\/\/api.w.org\/{rel}","templated":true}]}}