{"id":30016,"date":"2021-07-22T07:24:06","date_gmt":"2021-07-22T12:24:06","guid":{"rendered":"http:\/\/www.zonaroja.com.mx\/?p=30016"},"modified":"2021-07-22T07:24:09","modified_gmt":"2021-07-22T12:24:09","slug":"registra-el-miercoles-15-muertes-por-covid-en-oaxaca","status":"publish","type":"post","link":"https:\/\/zonaroja.com.mx\/?p=30016","title":{"rendered":"Registra el mi\u00e9rcoles 15 muertes por Covid en Oaxaca"},"content":{"rendered":"\n<p>Redacci\u00f3n\/Zona Roja.<\/p>\n\n\n\n<p>Oaxaca de Ju\u00e1rez, Oax. 22 de julio de 2021.- La dependencia Servicios de Salud de Oaxaca inform\u00f3 que este mi\u00e9rcoles 21 de julio se reportaron 222 contagios nuevos de Covid-19, con lo cual se acumulan 51 mil 947 casos confirmados desde marzo pasado de 2020 en que se notific\u00f3 el primer enfermo en el territorio oaxaque\u00f1o.<\/p>\n\n\n\n<p>A la fecha, hay mil 433 personas positivas que iniciaron s\u00edntomas en los \u00faltimos 14 d\u00edas, principalmente en Valles Centrales, demarcaci\u00f3n que concentra 516 casos activos, Istmo 445, Costa 289, Tuxtepec 92, Mixteca 68 y Sierra 23.<\/p>\n\n\n\n<p>Con estas cifras de casos activos, se observa un incremento del 86.8%, en comparaci\u00f3n con el mes pasado, es decir al corte del 21 de junio, fecha en que se reportaron 188 pacientes con la enfermedad en etapa de transmisibilidad.<\/p>\n\n\n\n<p>As\u00ed tambi\u00e9n, la instituci\u00f3n lamentablemente report\u00f3 a la plataforma federal 15 fallecimientos m\u00e1s a causa de la Covid-19, con lo cual se acumulan cuatro mil 58 defunciones confirmadas por la infecci\u00f3n del SARS-CoV-2; sin embargo, aclar\u00f3 que no todas ocurrieron de un d\u00eda para otro, ello obedece a que hay un desfase a causa del proceso de dictamen de muertes sospechosas por la patolog\u00eda infecciosa.<\/p>\n\n\n\n<p>Seg\u00fan las estad\u00edsticas de la pandemia, hasta este mi\u00e9rcoles 46 mil 546 personas se reportan dadas de alta m\u00e9dica, cinco mil 251 se encuentran como sospechosas y 33 mil 334 dieron negativo al virus, para un total de 90 mil 532 notificaciones.<\/p>\n\n\n\n<figure class=\"wp-block-embed-twitter wp-block-embed is-type-rich is-provider-twitter\"><div class=\"wp-block-embed__wrapper\">\n<div class=\"twitter-tweet\"><blockquote class=\"twitter-tweet\" data-lang=\"es\"><p lang=\"es\" dir=\"ltr\"><a href=\"https:\/\/twitter.com\/hashtag\/%C3%9AltimoMinuto?src=hash&amp;ref_src=twsrc%5Etfw\">#\u00daltimoMinuto<\/a><br>Tampoco en <a href=\"https:\/\/twitter.com\/hashtag\/Oaxaca?src=hash&amp;ref_src=twsrc%5Etfw\">#Oaxaca<\/a> cede el Covid:<br>&#8211; 222 casos positivos este mi\u00e9rcoles, para un total de 51 mil 947 casos confirmados.<br>&#8211; 15 defunciones, con las que suman 4 mil 58 decesos.<br>&#8211; 10 hospitales saturados<br>#\u00a1Qu\u00e9dateEnCasa! <a href=\"https:\/\/t.co\/aPyYvHdPoZ\">pic.twitter.com\/aPyYvHdPoZ<\/a><\/p>&mdash; Zona Roja Oaxaca (@Zona_Roja_Oax) <a href=\"https:\/\/twitter.com\/Zona_Roja_Oax\/status\/1418021985905385473?ref_src=twsrc%5Etfw\">22 de julio de 2021<\/a><\/blockquote><\/div>\n<\/div><\/figure>\n\n\n\n<p>En este sentido, la Jurisdicci\u00f3n Sanitaria de Valles Centrales contin\u00faa siendo la m\u00e1s afectada de la pandemia, tras acumular 33 mil 921 casos confirmados y mil 928 defunciones; en segundo lugar, se ubica el Istmo con 5 mil 739 positivos y 812 muertes; seguido de Tuxtepec con 3 mil 155 acumulados y 357 defunciones; Costa con 3 mil 91 pacientes y 322 decesos; Mixteca con 4 mil 220 confirmados y 411 fallecimientos; finalmente la Sierra con mil 821 casos y 228 defunciones.<\/p>\n\n\n\n<p>Los casos nuevos diagnosticados este 21 de julio se concentran en 62 municipios, el de mayor n\u00famero le corresponde a Oaxaca de Ju\u00e1rez con 28 personas positivas, Santa Mar\u00eda Huatulco con 15, la Heroica Ciudad de Tlaxiaco con 12, San Pedro Mixtepec \u2013Distrito 22- y San Juan Bautista Tuxtepec con 11 respectivamente, por mencionar algunos.<\/p>\n\n\n\n<p>Este mi\u00e9rcoles, la red m\u00e9dica se ubica en el 48.3% de capacidad para la atenci\u00f3n de la emergencia sanitaria, 10 hospitales est\u00e1n al 100% de ocupaci\u00f3n de camas, y en las \u00faltimas 24 horas se ingresaron a hospitalizaci\u00f3n a 32 nuevos pacientes, por lo que hay 183 camas ocupadas de un total de 379.<\/p>\n\n\n\n<p>En este sentido, la dependencia llam\u00f3 a la ciudadan\u00eda a ser conscientes en que el virus contin\u00faa causando estragos en la salud y la vida de las familias oaxaque\u00f1as, por lo que es indispensable que todas y todos se sumen a la aplicaci\u00f3n estricta de las recomendaciones generales, as\u00ed como hacer un esfuerzo en aumentar las precauciones, evitar las aglomeraciones, mantener la distancia, lavarse frecuentemente las manos con agua y jab\u00f3n.<\/p>\n\n\n\n<p>Hizo \u00e9nfasis en la importancia de usar adecuadamente el cubrebocas, cubrir perfectamente la punta de la nariz y la barbilla, ya que esta herramienta de protecci\u00f3n puede reducir hasta 90% los contagios.<\/p>\n\n\n\n<p>(Comunicado)<\/p>\n","protected":false},"excerpt":{"rendered":"<p>Redacci\u00f3n\/Zona Roja. Oaxaca de Ju\u00e1rez, Oax. 22 de julio de 2021.- La dependencia Servicios de&hellip;<\/p>\n","protected":false},"author":2,"featured_media":30017,"comment_status":"closed","ping_status":"open","sticky":false,"template":"","format":"standard","meta":{"_lmt_disableupdate":"","_lmt_disable":"","_jetpack_memberships_contains_paid_content":false,"footnotes":""},"categories":[109,47],"tags":[1512],"class_list":["post-30016","post","type-post","status-publish","format-standard","has-post-thumbnail","hentry","category-minuto-a-minuto","category-zona-gris","tag-coronavirus-oaxaca"],"jetpack_featured_media_url":"https:\/\/zonaroja.com.mx\/wp-content\/uploads\/2021\/07\/21-de-julio-de-2021.-Comunicado-tecnico-COVID-19.jpg","jetpack_sharing_enabled":true,"_links":{"self":[{"href":"https:\/\/zonaroja.com.mx\/index.php?rest_route=\/wp\/v2\/posts\/30016","targetHints":{"allow":["GET"]}}],"collection":[{"href":"https:\/\/zonaroja.com.mx\/index.php?rest_route=\/wp\/v2\/posts"}],"about":[{"href":"https:\/\/zonaroja.com.mx\/index.php?rest_route=\/wp\/v2\/types\/post"}],"author":[{"embeddable":true,"href":"https:\/\/zonaroja.com.mx\/index.php?rest_route=\/wp\/v2\/users\/2"}],"replies":[{"embeddable":true,"href":"https:\/\/zonaroja.com.mx\/index.php?rest_route=%2Fwp%2Fv2%2Fcomments&post=30016"}],"version-history":[{"count":1,"href":"https:\/\/zonaroja.com.mx\/index.php?rest_route=\/wp\/v2\/posts\/30016\/revisions"}],"predecessor-version":[{"id":30018,"href":"https:\/\/zonaroja.com.mx\/index.php?rest_route=\/wp\/v2\/posts\/30016\/revisions\/30018"}],"wp:featuredmedia":[{"embeddable":true,"href":"https:\/\/zonaroja.com.mx\/index.php?rest_route=\/wp\/v2\/media\/30017"}],"wp:attachment":[{"href":"https:\/\/zonaroja.com.mx\/index.php?rest_route=%2Fwp%2Fv2%2Fmedia&parent=30016"}],"wp:term":[{"taxonomy":"category","embeddable":true,"href":"https:\/\/zonaroja.com.mx\/index.php?rest_route=%2Fwp%2Fv2%2Fcategories&post=30016"},{"taxonomy":"post_tag","embeddable":true,"href":"https:\/\/zonaroja.com.mx\/index.php?rest_route=%2Fwp%2Fv2%2Ftags&post=30016"}],"curies":[{"name":"wp","href":"https:\/\/api.w.org\/{rel}","templated":true}]}}