{"id":30022,"date":"2021-07-22T08:09:03","date_gmt":"2021-07-22T13:09:03","guid":{"rendered":"http:\/\/www.zonaroja.com.mx\/?p=30022"},"modified":"2021-07-22T08:09:06","modified_gmt":"2021-07-22T13:09:06","slug":"promueven-en-oaxaca-educacion-con-perspectiva-de-derechos-humanos","status":"publish","type":"post","link":"https:\/\/zonaroja.com.mx\/?p=30022","title":{"rendered":"Promueven en Oaxaca educaci\u00f3n con perspectiva de derechos humanos"},"content":{"rendered":"\n<p>Redacci\u00f3n\/Zona Roja.<\/p>\n\n\n\n<p>Oaxaca de Ju\u00e1rez, Oax., 22 de Julio de 2021.- Como lo marca la Ley General de los Derechos de Ni\u00f1as, Ni\u00f1os y Adolescentes, es derecho de ni\u00f1as y ni\u00f1os, acceder a una educaci\u00f3n con perspectiva de derechos humanos y de igualdad sustantiva, que garantice el respeto a su dignidad humana, el desarrollo arm\u00f3nico de sus potencialidades y personalidad, y fortalezca el respeto a los derechos humanos y a las libertades fundamentales.<\/p>\n\n\n\n<p>Sobre este tema, el Instituto Estatal de Educaci\u00f3n P\u00fablica de Oaxaca (IEEPO), a trav\u00e9s de las direcciones para la Atenci\u00f3n de los Derechos Humanos y para la Mejora Escolar, promueve de manera permanente actividades de formaci\u00f3n y sensibilizaci\u00f3n enfocadas a lograr que en la entidad prevalezca el respeto a los derechos de la ni\u00f1ez y juventud, la sana convivencia en las escuelas, as\u00ed como la perspectiva en equidad y g\u00e9nero.<\/p>\n\n\n\n<p>Dentro de su formaci\u00f3n b\u00e1sica, en los libros de texto gratuitos de la asignatura de Formaci\u00f3n C\u00edvica y \u00c9tica de Cuarto y Sexto grado, las y los estudiantes refuerzan conocimientos sobre sus derechos para promoverlos y defenderlos, contribuyendo as\u00ed, a su educaci\u00f3n apegada al desarrollo de los valores y principios que postulan los derechos humanos en la construcci\u00f3n de una cultura de respeto a la dignidad de todas y todos.<\/p>\n\n\n\n<p>Dentro de los Derechos Humanos de la ni\u00f1ez se encuentran: el derecho a la vida, a la supervivencia y al desarrollo, a la identidad, a vivir en familia, a la igualdad sustantiva, a no ser discriminado, a vivir en condiciones de bienestar y a un sano desarrollo integral; a una vida libre de violencia y a la integridad personal.<\/p>\n\n\n\n<p>Tambi\u00e9n, a una vida libre de violencia y a la integridad personal, a la protecci\u00f3n de la salud y a la seguridad social, a la inclusi\u00f3n de ni\u00f1as, ni\u00f1os y adolescentes con discapacidad, a la educaci\u00f3n, al descanso y al esparcimiento, a la libertad de convicciones \u00e9ticas, pensamiento, conciencia, religi\u00f3n y cultura, a la participaci\u00f3n y a la seguridad jur\u00eddica y al debido proceso, entre otros.<\/p>\n\n\n\n<p>En el D\u00eda Universal del Derecho \u2013 que se conmemora cada 21 de julio- el IEEPO sugiere a madres y padres de familia, tomar en cuenta su opini\u00f3n y participaci\u00f3n en las cuestiones que les conciernen o afectan, procurar su inclusi\u00f3n en la familia, la escuela y la sociedad bajo el principio de no discriminaci\u00f3n y que en todas las decisiones que se tomen prevalezca el Inter\u00e9s Superior de la Ni\u00f1ez.<\/p>\n","protected":false},"excerpt":{"rendered":"<p>Redacci\u00f3n\/Zona Roja. Oaxaca de Ju\u00e1rez, Oax., 22 de Julio de 2021.- Como lo marca la&hellip;<\/p>\n","protected":false},"author":2,"featured_media":30023,"comment_status":"closed","ping_status":"open","sticky":false,"template":"","format":"standard","meta":{"_lmt_disableupdate":"","_lmt_disable":"","_jetpack_memberships_contains_paid_content":false,"footnotes":""},"categories":[109,46],"tags":[599],"class_list":["post-30022","post","type-post","status-publish","format-standard","has-post-thumbnail","hentry","category-minuto-a-minuto","category-zona-blanca","tag-instituto-estatal-de-educacion-publica-de-oaxaca"],"jetpack_featured_media_url":"https:\/\/zonaroja.com.mx\/wp-content\/uploads\/2021\/07\/01-IEEPO-2-4.jpg","jetpack_sharing_enabled":true,"_links":{"self":[{"href":"https:\/\/zonaroja.com.mx\/index.php?rest_route=\/wp\/v2\/posts\/30022","targetHints":{"allow":["GET"]}}],"collection":[{"href":"https:\/\/zonaroja.com.mx\/index.php?rest_route=\/wp\/v2\/posts"}],"about":[{"href":"https:\/\/zonaroja.com.mx\/index.php?rest_route=\/wp\/v2\/types\/post"}],"author":[{"embeddable":true,"href":"https:\/\/zonaroja.com.mx\/index.php?rest_route=\/wp\/v2\/users\/2"}],"replies":[{"embeddable":true,"href":"https:\/\/zonaroja.com.mx\/index.php?rest_route=%2Fwp%2Fv2%2Fcomments&post=30022"}],"version-history":[{"count":1,"href":"https:\/\/zonaroja.com.mx\/index.php?rest_route=\/wp\/v2\/posts\/30022\/revisions"}],"predecessor-version":[{"id":30024,"href":"https:\/\/zonaroja.com.mx\/index.php?rest_route=\/wp\/v2\/posts\/30022\/revisions\/30024"}],"wp:featuredmedia":[{"embeddable":true,"href":"https:\/\/zonaroja.com.mx\/index.php?rest_route=\/wp\/v2\/media\/30023"}],"wp:attachment":[{"href":"https:\/\/zonaroja.com.mx\/index.php?rest_route=%2Fwp%2Fv2%2Fmedia&parent=30022"}],"wp:term":[{"taxonomy":"category","embeddable":true,"href":"https:\/\/zonaroja.com.mx\/index.php?rest_route=%2Fwp%2Fv2%2Fcategories&post=30022"},{"taxonomy":"post_tag","embeddable":true,"href":"https:\/\/zonaroja.com.mx\/index.php?rest_route=%2Fwp%2Fv2%2Ftags&post=30022"}],"curies":[{"name":"wp","href":"https:\/\/api.w.org\/{rel}","templated":true}]}}