{"id":30028,"date":"2021-07-22T10:05:05","date_gmt":"2021-07-22T15:05:05","guid":{"rendered":"http:\/\/www.zonaroja.com.mx\/?p=30028"},"modified":"2021-07-22T15:52:11","modified_gmt":"2021-07-22T20:52:11","slug":"centro-integral-de-servicios-en-oaxaca-capital-costoso-e-inoperante","status":"publish","type":"post","link":"https:\/\/zonaroja.com.mx\/?p=30028","title":{"rendered":"Centro Integral de Servicios en Oaxaca capital, costoso e inoperante"},"content":{"rendered":"\n<p>Evlin Arag\u00f3n\/Zona Roja.<\/p>\n\n\n\n<p>Oaxaca de Ju\u00e1rez, Oax., 22 de julio de 2021.- En abril del 2019, el Ayuntamiento de Oaxaca de Ju\u00e1rez anunci\u00f3 la creaci\u00f3n del Centro Integral de Servicios (CIS), complejo administrativo contemplado para ofrecer a las y los ciudadanos una atenci\u00f3n con calidad y transparencia, reduciendo as\u00ed el tiempo de los tr\u00e1mites.&nbsp;<\/p>\n\n\n\n<p>De acuerdo con el propio edil Oswaldo Garc\u00eda Jarqu\u00edn, la apertura de dicho espacio se llevar\u00eda a cabo en junio de ese mismo a\u00f1o y destac\u00f3 como principal bondad del proyecto el ahorro de m\u00e1s de un mill\u00f3n de pesos ya que dejar\u00eda de rentar alrededor de 36 inmuebles.&nbsp;<\/p>\n\n\n\n<p>Para la instalaci\u00f3n del CIS se utilizar\u00eda un espacio de cuatro mil metros cuadrados, ubicado en inmediaciones de Plaza del Valle, y por el cual se firm\u00f3 un contrato de arrendamiento por 400 mil pesos mensuales, con una vigencia a partir del primero de septiembre del 2019 y hasta el d\u00eda 31 de diciembre del 2021.<\/p>\n\n\n\n<p>Lo anterior consta en documentos oficiales firmados por Jorge Castro Campos, s\u00edndico segundo municipal y representante jur\u00eddico.<\/p>\n\n\n\n<p>Sin embargo, de acuerdo con la informaci\u00f3n que circula en las redes sociales, dicho espacio no ha funcionado como se esperaba, por lo que el gasto de la renta, que asciende a 11 millones 200 mil pesos, por el tiempo que consta el contrato y sin el impuesto correspondiente, se realiza por un complejo inexistente.&nbsp;<\/p>\n\n\n\n<p>As\u00ed lo expuso en su cuenta de twitter Humberto Contreras quien dio a conocer la premisa y la documentaci\u00f3n oficial que avalan la presunta irregularidad cometida por el ayuntamiento capitalino.&nbsp;<\/p>\n\n\n\n<p>Al monto anterior hay que sumar las adecuaciones realizadas al lugar, las cuales superan los siete millones de pesos y de acuerdo con el contrato de arrendamiento son a beneficio del due\u00f1o del inmueble.&nbsp;<\/p>\n\n\n\n<p>As\u00ed como los 15 millones que se invirtieron en la pavimentaci\u00f3n con concreto asf\u00e1ltico y obra complementaria en calle S\/N y calle Jud\u00edn, pertenecientes a la agencia municipal de Candiani, la cual sirve de acceso al CIS.<\/p>\n\n\n\n<p>Lo anterior consta en la licitaci\u00f3n de obra que se hizo p\u00fablica, adem\u00e1s de una mampara ubicada en la zona para dar a conocer el costo de la obra, el cual fue asignado a Financiamientos Internos del municipio.&nbsp;<\/p>\n\n\n\n<p>Por lo anterior, el gasto por un Centro Integral de Servicios que no ha sido aprovechado por el gobierno municipal, es superior a los 34 millones de pesos, cifra que podr\u00eda considerarse como un derroche innecesario debido a los serios problemas en materia de recursos que enfrenta la administraci\u00f3n de Oswaldo Garc\u00eda Jarqu\u00edn y que han llevado al personal sindicalizado a manifestarse en reiteradas ocasiones.&nbsp;<\/p>\n","protected":false},"excerpt":{"rendered":"<p>Evlin Arag\u00f3n\/Zona Roja. Oaxaca de Ju\u00e1rez, Oax., 22 de julio de 2021.- En abril del&hellip;<\/p>\n","protected":false},"author":2,"featured_media":30034,"comment_status":"closed","ping_status":"open","sticky":false,"template":"","format":"standard","meta":{"_lmt_disableupdate":"","_lmt_disable":"","_jetpack_memberships_contains_paid_content":false,"footnotes":""},"categories":[109,47],"tags":[148,115],"class_list":["post-30028","post","type-post","status-publish","format-standard","has-post-thumbnail","hentry","category-minuto-a-minuto","category-zona-gris","tag-oaxaca-de-juarez","tag-oswaldo-garcia-jarquin"],"jetpack_featured_media_url":"https:\/\/zonaroja.com.mx\/wp-content\/uploads\/2021\/07\/img_9165.jpg","jetpack_sharing_enabled":true,"_links":{"self":[{"href":"https:\/\/zonaroja.com.mx\/index.php?rest_route=\/wp\/v2\/posts\/30028","targetHints":{"allow":["GET"]}}],"collection":[{"href":"https:\/\/zonaroja.com.mx\/index.php?rest_route=\/wp\/v2\/posts"}],"about":[{"href":"https:\/\/zonaroja.com.mx\/index.php?rest_route=\/wp\/v2\/types\/post"}],"author":[{"embeddable":true,"href":"https:\/\/zonaroja.com.mx\/index.php?rest_route=\/wp\/v2\/users\/2"}],"replies":[{"embeddable":true,"href":"https:\/\/zonaroja.com.mx\/index.php?rest_route=%2Fwp%2Fv2%2Fcomments&post=30028"}],"version-history":[{"count":1,"href":"https:\/\/zonaroja.com.mx\/index.php?rest_route=\/wp\/v2\/posts\/30028\/revisions"}],"predecessor-version":[{"id":30029,"href":"https:\/\/zonaroja.com.mx\/index.php?rest_route=\/wp\/v2\/posts\/30028\/revisions\/30029"}],"wp:featuredmedia":[{"embeddable":true,"href":"https:\/\/zonaroja.com.mx\/index.php?rest_route=\/wp\/v2\/media\/30034"}],"wp:attachment":[{"href":"https:\/\/zonaroja.com.mx\/index.php?rest_route=%2Fwp%2Fv2%2Fmedia&parent=30028"}],"wp:term":[{"taxonomy":"category","embeddable":true,"href":"https:\/\/zonaroja.com.mx\/index.php?rest_route=%2Fwp%2Fv2%2Fcategories&post=30028"},{"taxonomy":"post_tag","embeddable":true,"href":"https:\/\/zonaroja.com.mx\/index.php?rest_route=%2Fwp%2Fv2%2Ftags&post=30028"}],"curies":[{"name":"wp","href":"https:\/\/api.w.org\/{rel}","templated":true}]}}