{"id":30031,"date":"2021-07-22T13:45:59","date_gmt":"2021-07-22T18:45:59","guid":{"rendered":"https:\/\/www.zonaroja.com.mx\/?p=30031"},"modified":"2021-07-22T13:51:26","modified_gmt":"2021-07-22T18:51:26","slug":"30031","status":"publish","type":"post","link":"https:\/\/zonaroja.com.mx\/?p=30031","title":{"rendered":"Responsabilizan a diputada electa y al MULT de desalojo en Hacienda Blanca\u00a0"},"content":{"rendered":"\n<p class=\"MsoNormal\">Evlin Arag\u00f3n\/Zona Roja.&nbsp;<\/p>\n\n\n\n<p class=\"MsoNormal\">Oaxaca de Ju\u00e1rez, Oax., 22 de julio de 2021.-&nbsp;\u201cEstamos aqu\u00ed, seguimos exigiendo el retorno a nuestra comunidad de donde fuimos desplazados por un grupo paramilitar del MULT\u201c, dijo Venustiana, habitante de Tierra Blanca Copala, quien desde hace siete meses huy\u00f3 &nbsp;de su pueblo en busca de ayuda por parte de las autoridades estatales.&nbsp;<\/p>\n\n\n\n<p class=\"MsoNormal\">En conferencia de prensa y luego del desalojo violento del que fueron v\u00edctimas la noche de ayer, explicaron que su protesta nunca ha sido por gusto sino por necesidad, una necesidad imperante de regresar a su localidad de origen, de la cual fueron desplazadas decenas de familias en diciembre del 2020.&nbsp;<\/p>\n\n\n\n<p class=\"MsoNormal\">\u201cAyer, desgraciadamente volvimos a ser v\u00edctimas de la violencia, esta vez por grupos de personas que llegaron a quitarnos de ah\u00ed de donde est\u00e1bamos, pero nosotros no est\u00e1bamos ah\u00ed por querer molestar a la ciudadan\u00eda, sino por una necesidad, por querer regresar a nuestro pueblo\u201d, dijo la mujer.&nbsp;<\/p>\n\n\n\n<p class=\"MsoNormal\">Argument\u00f3 que las protestas en la calle han sido la \u00fanica arma que han utilizado para hacerse escuchar y responsabiliz\u00f3 a la dirigencia del Movimiento de Unificaci\u00f3n y Lucha Triqui (MULT) de la violencia de la que han sido v\u00edctimas en Tierra Blanca y aqu\u00ed en la ciudad de Oaxaca.&nbsp;&nbsp;<\/p>\n\n\n\n<p class=\"MsoNormal\">De manera espec\u00edfica se\u00f1al\u00f3 a Eleazar y Emelia Ortiz, as\u00ed como a Rogelio Pensamientos quienes dirigen la organizaci\u00f3n y aseguran est\u00e1n presionando al gobierno de Oaxaca para atender la problem\u00e1tica en la regi\u00f3n triqui a su conveniencia y no de las personas que ah\u00ed viven.&nbsp;<\/p>\n\n\n\n<p class=\"MsoNormal\">As\u00ed mismo responsabiliz\u00f3 al edil de San Pablo Etla, Alfonso P\u00e9rez M\u00e9ndez y la ex candidata a diputada local por el Partido Unidad Popular (PUP), X\u00f3chitl Vargas, de azuzar a los grupos que ayer agredieron a las y los manifestantes, de ah\u00ed que iniciar\u00e1n un procedimiento penal en su contra por tentativa de homicidio, ya que cuatro personas resultaron heridas de bala.&nbsp;&nbsp;&nbsp;<\/p>\n\n\n\n<p class=\"MsoNormal\">Como lo han hecho desde hace meses, pidieron al gobierno de Oaxaca, encabezado por Alejandro Murat Hinojosa, que como eje rector de garantizar la gobernanza en el estado, sea quien ponga el orden en la zona triqui, con el apoyo de la Guardia Nacional, para terminar de una vez por todas con la violencia.&nbsp;&nbsp;<\/p>\n\n\n\n<p class=\"MsoNormal\">\u201cQu\u00e9 tanto le cuesta al gobierno dar una fecha de retorno a la comunidad, llevar la Guardia Nacional e instalarla en Tierra Blanca y se acaba esto. Es todo lo que estamos pidiendo, porque tienen que obedecer a las consignas de un grupo paramilitar y criminal como es el MULT\u201d, indic\u00f3 Horacio Santiago, uno de los l\u00edderes.&nbsp;&nbsp;<\/p>\n\n\n\n<p class=\"MsoNormal\">A las afueras de la Defensor\u00eda de los Derechos Humanos del Pueblo de Oaxaca (DDHPO), lamentaron el racismo y clasismo por parte de la poblaci\u00f3n que apoy\u00f3 el desalojo violento del grupo manifestante, al cual de manera denostativa refirieron \u201dqu\u00e9 se regresen a su pueblo\u201d, cuando es justamente lo que buscan.&nbsp;<\/p>\n\n\n\n<p class=\"MsoNormal\">Finalmente, negaron que su lucha este fundada en intereses econ\u00f3micos, por lo que indicaron que el d\u00eda que el gobierno de Oaxaca, junto con la Guardia Nacional, los acompa\u00f1e en su retorno seguro a Tierra Blanca, Copala, sin duda lo har\u00e1n.&nbsp;&nbsp;<\/p>\n\n\n\n<p class=\"MsoNormal\">\u201cNo estamos pidiendo dinero ni proyectos productivos, estamos pidiendo \u00fanicamente el retorno seguro a nuestro pueblo. Tambi\u00e9n queremos la liberaci\u00f3n de nuestros presos pol\u00edticos a quienes les fabricaron delitos\u201d, sentenci\u00f3 otra de las habitantes.&nbsp;&nbsp;<\/p>\n\n\n\n<p class=\"MsoNormal\">Cabe se\u00f1alar que tras una reuni\u00f3n que sostuvieron la madrugada de este jueves, las autoridades del Gobierno de Oaxaca se comprometieron a realizar el retorno seguro de las familias desplazadas el pr\u00f3ximo domingo 25 de julio.<\/p>\n","protected":false},"excerpt":{"rendered":"<p>Evlin Arag\u00f3n\/Zona Roja.&nbsp; Oaxaca de Ju\u00e1rez, Oax., 22 de julio de 2021.-&nbsp;\u201cEstamos aqu\u00ed, seguimos exigiendo&hellip;<\/p>\n","protected":false},"author":2,"featured_media":30030,"comment_status":"closed","ping_status":"open","sticky":false,"template":"","format":"standard","meta":{"_lmt_disableupdate":"","_lmt_disable":"","_jetpack_memberships_contains_paid_content":false,"footnotes":""},"categories":[109,47],"tags":[2411],"class_list":["post-30031","post","type-post","status-publish","format-standard","has-post-thumbnail","hentry","category-minuto-a-minuto","category-zona-gris","tag-movimiento-de-unificacion-y-lucha-triqui-independiente-multi"],"jetpack_featured_media_url":"https:\/\/zonaroja.com.mx\/wp-content\/uploads\/2021\/07\/3137da62-29d2-473c-a139-b3509f9568a1.jpg","jetpack_sharing_enabled":true,"_links":{"self":[{"href":"https:\/\/zonaroja.com.mx\/index.php?rest_route=\/wp\/v2\/posts\/30031","targetHints":{"allow":["GET"]}}],"collection":[{"href":"https:\/\/zonaroja.com.mx\/index.php?rest_route=\/wp\/v2\/posts"}],"about":[{"href":"https:\/\/zonaroja.com.mx\/index.php?rest_route=\/wp\/v2\/types\/post"}],"author":[{"embeddable":true,"href":"https:\/\/zonaroja.com.mx\/index.php?rest_route=\/wp\/v2\/users\/2"}],"replies":[{"embeddable":true,"href":"https:\/\/zonaroja.com.mx\/index.php?rest_route=%2Fwp%2Fv2%2Fcomments&post=30031"}],"version-history":[{"count":2,"href":"https:\/\/zonaroja.com.mx\/index.php?rest_route=\/wp\/v2\/posts\/30031\/revisions"}],"predecessor-version":[{"id":30033,"href":"https:\/\/zonaroja.com.mx\/index.php?rest_route=\/wp\/v2\/posts\/30031\/revisions\/30033"}],"wp:featuredmedia":[{"embeddable":true,"href":"https:\/\/zonaroja.com.mx\/index.php?rest_route=\/wp\/v2\/media\/30030"}],"wp:attachment":[{"href":"https:\/\/zonaroja.com.mx\/index.php?rest_route=%2Fwp%2Fv2%2Fmedia&parent=30031"}],"wp:term":[{"taxonomy":"category","embeddable":true,"href":"https:\/\/zonaroja.com.mx\/index.php?rest_route=%2Fwp%2Fv2%2Fcategories&post=30031"},{"taxonomy":"post_tag","embeddable":true,"href":"https:\/\/zonaroja.com.mx\/index.php?rest_route=%2Fwp%2Fv2%2Ftags&post=30031"}],"curies":[{"name":"wp","href":"https:\/\/api.w.org\/{rel}","templated":true}]}}