{"id":30035,"date":"2021-07-22T17:36:58","date_gmt":"2021-07-22T22:36:58","guid":{"rendered":"http:\/\/www.zonaroja.com.mx\/?p=30035"},"modified":"2021-07-22T17:37:01","modified_gmt":"2021-07-22T22:37:01","slug":"celebra-legisladora-magaly-lopez-despenalizacion-del-aborto-en-veracruz","status":"publish","type":"post","link":"https:\/\/zonaroja.com.mx\/?p=30035","title":{"rendered":"Celebra legisladora Magaly L\u00f3pez despenalizaci\u00f3n del aborto en Veracruz"},"content":{"rendered":"\n<p>Evlin Arag\u00f3n\/Zona Roja.<\/p>\n\n\n\n<p>Oaxaca de Ju\u00e1rez, Oax., 22 de julio de 2021.- La diputada local por Morena, Magaly L\u00f3pez Dom\u00ednguez, consider\u00f3 fundamental que los congresos de toda la Rep\u00fablica promuevan e impulsen la garant\u00eda de los derechos de las mujeres, incluido el de elegir sobre su propio cuerpo.<\/p>\n\n\n\n<p>Por lo anterior, celebr\u00f3 la reciente aprobaci\u00f3n de la despenalizaci\u00f3n del aborto en Veracruz, que se convierte en el cuarto estado mexicano en permitir la interrupci\u00f3n legal del embarazo hasta las doce semanas de gestaci\u00f3n.<\/p>\n\n\n\n<p>\u201cFelicito y celebro la iniciativa de Veracruz, considero que es muy importante que todos los estados reconozcan los derechos por los que han luchado las mujeres desde hace muchos a\u00f1os\u201d, refiri\u00f3.<\/p>\n\n\n\n<p>La representante popular del Partido Morena record\u00f3 que la primera entidad en despenalizar el aborto fue la Ciudad de M\u00e9xico, en 2007; doce a\u00f1os despu\u00e9s Oaxaca, en 2019; y de manera reciente, en este 2021, Hidalgo y Veracruz.<\/p>\n\n\n\n<p>En este sentido, exhort\u00f3 a los dem\u00e1s congresos y sus colegas legisladores para que se pongan del lado de las mujeres mexicanas y sean parte de los grandes logros por el reconocimiento de sus derechos.<\/p>\n\n\n\n<p>\u201cLas mujeres tenemos derecho a decidir sobre nuestro propio cuerpo y es una decisi\u00f3n que tiene que ser muy personal, considero que todos los congresos deben despenalizar el aborto por el bien de las mujeres, para evitar muertes en lugares clandestinos\u201d, se\u00f1al\u00f3.<\/p>\n\n\n\n<figure class=\"wp-block-embed-twitter wp-block-embed is-type-rich is-provider-twitter\"><div class=\"wp-block-embed__wrapper\">\n<div class=\"twitter-tweet\"><blockquote class=\"twitter-tweet\" data-lang=\"es\"><p lang=\"es\" dir=\"ltr\">Al t\u00e9rmino de la sesi\u00f3n ordinaria del <a href=\"https:\/\/twitter.com\/CongresoOaxLXIV?ref_src=twsrc%5Etfw\">@CongresoOaxLXIV<\/a>, la diputada <a href=\"https:\/\/twitter.com\/Magaly_LopezOax?ref_src=twsrc%5Etfw\">@Magaly_LopezOax<\/a> resalt\u00f3 en entrevista la medida adoptada por el Congreso de <a href=\"https:\/\/twitter.com\/hashtag\/Veracruz?src=hash&amp;ref_src=twsrc%5Etfw\">#Veracruz<\/a>, al aprobar la interrupci\u00f3n legal del embarazo en esa entidad, a fin de proteger la salud de las mujeres. <a href=\"https:\/\/t.co\/55CyKvr81C\">pic.twitter.com\/55CyKvr81C<\/a><\/p>&mdash; Zona Roja Oaxaca (@Zona_Roja_Oax) <a href=\"https:\/\/twitter.com\/Zona_Roja_Oax\/status\/1417991181586386945?ref_src=twsrc%5Etfw\">21 de julio de 2021<\/a><\/blockquote><\/div>\n<\/div><\/figure>\n\n\n\n<p>Magaly L\u00f3pez reconoci\u00f3 que en la entidad oaxaque\u00f1a a\u00fan est\u00e1n pendientes las reformas a la Ley de Salud para que el derecho de las mujeres sea efectivo y se le pueda dar atenci\u00f3n en las instituciones p\u00fablicas del estado, tal y como se realiza en la Ciudad de M\u00e9xico.<\/p>\n\n\n\n<p>Apenas este 20 de julio, con 25 votos a favor, 13 en contra y una abstenci\u00f3n el Congreso del estado de Veracruz aprob\u00f3 la Interrupci\u00f3n Legal de Embarazo hasta la semana 12 de gestaci\u00f3n.<\/p>\n\n\n\n<p>Previamente, el 30 de junio, el Congreso de Hidalgo hizo lo propio con 16 votos a favor, ocho en contra y una abstenci\u00f3n.<\/p>\n\n\n\n<p>En Oaxaca, fue el 25 de septiembre de 2019 que las reformas en favor de la interrupci\u00f3n legal del embarazo fueron aprobadas con 24 a favor y 10 en contra en el Congreso de Oaxaca.<\/p>\n\n\n\n<p>Mientras que, en la Ciudad de M\u00e9xico, desde el 2007 la pr\u00e1ctica es legal y los Servicios de Salud atienden de manera gratuita los procedimientos.<\/p>\n","protected":false},"excerpt":{"rendered":"<p>Evlin Arag\u00f3n\/Zona Roja. Oaxaca de Ju\u00e1rez, Oax., 22 de julio de 2021.- La diputada local&hellip;<\/p>\n","protected":false},"author":2,"featured_media":30036,"comment_status":"closed","ping_status":"open","sticky":false,"template":"","format":"standard","meta":{"_lmt_disableupdate":"","_lmt_disable":"","_jetpack_memberships_contains_paid_content":false,"footnotes":""},"categories":[109,46],"tags":[192],"class_list":["post-30035","post","type-post","status-publish","format-standard","has-post-thumbnail","hentry","category-minuto-a-minuto","category-zona-blanca","tag-diputada-magaly-lopez-dominguez"],"jetpack_featured_media_url":"https:\/\/zonaroja.com.mx\/wp-content\/uploads\/2021\/07\/Magaly-Lopez-d..jpg","jetpack_sharing_enabled":true,"_links":{"self":[{"href":"https:\/\/zonaroja.com.mx\/index.php?rest_route=\/wp\/v2\/posts\/30035","targetHints":{"allow":["GET"]}}],"collection":[{"href":"https:\/\/zonaroja.com.mx\/index.php?rest_route=\/wp\/v2\/posts"}],"about":[{"href":"https:\/\/zonaroja.com.mx\/index.php?rest_route=\/wp\/v2\/types\/post"}],"author":[{"embeddable":true,"href":"https:\/\/zonaroja.com.mx\/index.php?rest_route=\/wp\/v2\/users\/2"}],"replies":[{"embeddable":true,"href":"https:\/\/zonaroja.com.mx\/index.php?rest_route=%2Fwp%2Fv2%2Fcomments&post=30035"}],"version-history":[{"count":1,"href":"https:\/\/zonaroja.com.mx\/index.php?rest_route=\/wp\/v2\/posts\/30035\/revisions"}],"predecessor-version":[{"id":30037,"href":"https:\/\/zonaroja.com.mx\/index.php?rest_route=\/wp\/v2\/posts\/30035\/revisions\/30037"}],"wp:featuredmedia":[{"embeddable":true,"href":"https:\/\/zonaroja.com.mx\/index.php?rest_route=\/wp\/v2\/media\/30036"}],"wp:attachment":[{"href":"https:\/\/zonaroja.com.mx\/index.php?rest_route=%2Fwp%2Fv2%2Fmedia&parent=30035"}],"wp:term":[{"taxonomy":"category","embeddable":true,"href":"https:\/\/zonaroja.com.mx\/index.php?rest_route=%2Fwp%2Fv2%2Fcategories&post=30035"},{"taxonomy":"post_tag","embeddable":true,"href":"https:\/\/zonaroja.com.mx\/index.php?rest_route=%2Fwp%2Fv2%2Ftags&post=30035"}],"curies":[{"name":"wp","href":"https:\/\/api.w.org\/{rel}","templated":true}]}}