{"id":30041,"date":"2021-07-22T19:52:00","date_gmt":"2021-07-23T00:52:00","guid":{"rendered":"http:\/\/www.zonaroja.com.mx\/?p=30041"},"modified":"2021-07-22T19:52:03","modified_gmt":"2021-07-23T00:52:03","slug":"acusan-grave-corrupcion-en-los-sso-piden-renuncia-de-marquez-heine","status":"publish","type":"post","link":"https:\/\/zonaroja.com.mx\/?p=30041","title":{"rendered":"Acusan grave corrupci\u00f3n en los SSO; piden renuncia de M\u00e1rquez Heine"},"content":{"rendered":"\n<p>Ismael Garc\u00eda M.\/Zona Roja.<\/p>\n\n\n\n<p>Oaxaca de Ju\u00e1rez, Oax., 22 de julio de 2021.- Ante lo que consider\u00f3 graves hechos de corrupci\u00f3n en los Servicios de Salud de Oaxaca y cauda de problemas irresueltos, el diputado C\u00e9sar Morales Ni\u00f1o plante\u00f3 al Congreso del Estado la renuncia del titular, Juan Carlos M\u00e1rquez Heine.<\/p>\n\n\n\n<p>En la sesi\u00f3n ordinaria de ayer, hizo un recuento de los recientes hechos de esc\u00e1ndalo y reclamos hacia la dependencia estatal, como la solicitud de una ampliaci\u00f3n presupuestal que pide el responsable de los SSO por mil 600 millones de pesos, al argumentar \u201cestr\u00e9s financiero\u201d.<\/p>\n\n\n\n<p>En tanto que personal de Hospital Civil \u201cDr. Aurelio Valdivieso\u201d par\u00f3 labores por varios d\u00edas la semana pasada por falta de medicamentos y equipos de trabajo; similar situaci\u00f3n ocurri\u00f3 en las jurisdicciones Sanitarias 1 Valles Centrales y 6 Sierra.<\/p>\n\n\n\n<p>El 12 de julio pasado inici\u00f3 una manifestaci\u00f3n por parte de 13 arrendadores de los inmuebles que utiliza como oficinas para exigir pagos atrasados desde hace siete meses.<\/p>\n\n\n\n<p>\u00a0\u201cLo que llama la atenci\u00f3n es, \u00bfporque no se les ha pagado?, s\u00ed el dinero para el pago de rentas mensual ya se presupuest\u00f3 y ven\u00eda incluido en la asignaci\u00f3n de recursos para cada ejercicio fiscal anual\u201d, dijo.<\/p>\n\n\n\n<figure class=\"wp-block-embed-twitter wp-block-embed is-type-rich is-provider-twitter\"><div class=\"wp-block-embed__wrapper\">\n<div class=\"twitter-tweet\"><blockquote class=\"twitter-tweet\" data-lang=\"es\"><p lang=\"es\" dir=\"ltr\">En tribuna durante la sesi\u00f3n de hoy del <a href=\"https:\/\/twitter.com\/CongresoOaxLXIV?ref_src=twsrc%5Etfw\">@CongresoOaxLXIV<\/a>, el diputado local por Morena, <a href=\"https:\/\/twitter.com\/cesarmoralesn?ref_src=twsrc%5Etfw\">@cesarmoralesn<\/a>, cr\u00edtico la grave corrupci\u00f3n en los <a href=\"https:\/\/twitter.com\/SSO_GobOax?ref_src=twsrc%5Etfw\">@SSO_GobOax<\/a>, y la nula atenci\u00f3n por parte del titular, <a href=\"https:\/\/twitter.com\/JC_MarquezH?ref_src=twsrc%5Etfw\">@JC_MarquezH<\/a>, de quien pidi\u00f3 su renuncia. <a href=\"https:\/\/t.co\/uuzDW02Bmy\">pic.twitter.com\/uuzDW02Bmy<\/a><\/p>&mdash; Zona Roja Oaxaca (@Zona_Roja_Oax) <a href=\"https:\/\/twitter.com\/Zona_Roja_Oax\/status\/1417996819947089922?ref_src=twsrc%5Etfw\">21 de julio de 2021<\/a><\/blockquote><\/div>\n<\/div><\/figure>\n\n\n\n<p>De las diversas manifestaciones, a todo \u201cha existido o\u00eddos sordos y puertas cerradas, ha existido un trato de soberbia y desprecio institucional hac\u00eda las y los trabajadores\u201d.<\/p>\n\n\n\n<p>\u201cAnte esta cadena de sucesos, es evidente que el secretario de Salud no ha tenido el oficio pol\u00edtico, ni el talento administrativo para atender las problem\u00e1ticas de la dependencia a su cargo\u201d, dijo en tribuna, por lo cual exigi\u00f3 su renuncia.<\/p>\n\n\n\n<p>\u201c\u00bfD\u00f3nde est\u00e1 el dinero para la atenci\u00f3n de la salud de las y los oaxaque\u00f1os?\u201d, expuso, al presentar un Punto de Acuerdo para que la 64 Legislatura exhorte al Gobernador del Estado, a que atienda la crisis financiera en la Secretar\u00eda de Salud y la Direcci\u00f3n General de los Servicios de Salud del Estado.<\/p>\n\n\n\n<p>Ello a fin de que se resuelvan los adeudos con los distintos acreedores y para que a la brevedad posible se inicien mesas de di\u00e1logo con los trabajadores sindicalizados y de contrato.<\/p>\n\n\n\n<p>Asimismo, para pedir al mandatario Alejandro Murat que le solicite la renuncia a Juan Carlos M\u00e1rquez Heine, titular de dicha secretar\u00eda, \u201cpor su evidente falta de capacidad y resultados para encausar adecuadamente esas problem\u00e1ticas\u201d.<\/p>\n","protected":false},"excerpt":{"rendered":"<p>Ismael Garc\u00eda M.\/Zona Roja. Oaxaca de Ju\u00e1rez, Oax., 22 de julio de 2021.- Ante lo&hellip;<\/p>\n","protected":false},"author":2,"featured_media":30042,"comment_status":"closed","ping_status":"open","sticky":false,"template":"","format":"standard","meta":{"_lmt_disableupdate":"","_lmt_disable":"","_jetpack_memberships_contains_paid_content":false,"footnotes":""},"categories":[1],"tags":[],"class_list":["post-30041","post","type-post","status-publish","format-standard","has-post-thumbnail","hentry","category-sin-categoria"],"jetpack_featured_media_url":"https:\/\/zonaroja.com.mx\/wp-content\/uploads\/2021\/07\/Cesar-Morales-3.jpg","jetpack_sharing_enabled":true,"_links":{"self":[{"href":"https:\/\/zonaroja.com.mx\/index.php?rest_route=\/wp\/v2\/posts\/30041","targetHints":{"allow":["GET"]}}],"collection":[{"href":"https:\/\/zonaroja.com.mx\/index.php?rest_route=\/wp\/v2\/posts"}],"about":[{"href":"https:\/\/zonaroja.com.mx\/index.php?rest_route=\/wp\/v2\/types\/post"}],"author":[{"embeddable":true,"href":"https:\/\/zonaroja.com.mx\/index.php?rest_route=\/wp\/v2\/users\/2"}],"replies":[{"embeddable":true,"href":"https:\/\/zonaroja.com.mx\/index.php?rest_route=%2Fwp%2Fv2%2Fcomments&post=30041"}],"version-history":[{"count":1,"href":"https:\/\/zonaroja.com.mx\/index.php?rest_route=\/wp\/v2\/posts\/30041\/revisions"}],"predecessor-version":[{"id":30043,"href":"https:\/\/zonaroja.com.mx\/index.php?rest_route=\/wp\/v2\/posts\/30041\/revisions\/30043"}],"wp:featuredmedia":[{"embeddable":true,"href":"https:\/\/zonaroja.com.mx\/index.php?rest_route=\/wp\/v2\/media\/30042"}],"wp:attachment":[{"href":"https:\/\/zonaroja.com.mx\/index.php?rest_route=%2Fwp%2Fv2%2Fmedia&parent=30041"}],"wp:term":[{"taxonomy":"category","embeddable":true,"href":"https:\/\/zonaroja.com.mx\/index.php?rest_route=%2Fwp%2Fv2%2Fcategories&post=30041"},{"taxonomy":"post_tag","embeddable":true,"href":"https:\/\/zonaroja.com.mx\/index.php?rest_route=%2Fwp%2Fv2%2Ftags&post=30041"}],"curies":[{"name":"wp","href":"https:\/\/api.w.org\/{rel}","templated":true}]}}