{"id":30044,"date":"2021-07-22T21:10:02","date_gmt":"2021-07-23T02:10:02","guid":{"rendered":"http:\/\/www.zonaroja.com.mx\/?p=30044"},"modified":"2021-07-22T22:28:38","modified_gmt":"2021-07-23T03:28:38","slug":"ejecutan-a-mototaxista-en-zona-de-etla-muere-presunto-ladron-en-juchitan","status":"publish","type":"post","link":"https:\/\/zonaroja.com.mx\/?p=30044","title":{"rendered":"Ejecutan a mototaxista en zona de Etla; muere presunto ladr\u00f3n en Juchit\u00e1n"},"content":{"rendered":"\n<p>Redacci\u00f3n\/Zona Roja.<\/p>\n\n\n\n<p>Oaxaca de Ju\u00e1rez, Oax., 22 de julio de 2021.- Dos personas perdieron la vida este jueves en Oaxaca, por disparos de arma de fuego, derivado de hechos violentos.<\/p>\n\n\n\n<p>En un hospital de Juchit\u00e1n de Zaragoza falleci\u00f3 la madrugada de hoy un presunto ladr\u00f3n, que fue baleado en un domicilio de la S\u00e9ptima Secci\u00f3n.<\/p>\n\n\n\n<p>Supuestamente los due\u00f1os del hogar le dispararon al notar la presencia del extra\u00f1o; param\u00e9dicos del Cuerpo de Bomberos lo trasladaron a un hospital, donde muri\u00f3 debido a las lesiones; al momento no ha sido identificado.<\/p>\n\n\n\n<p>En tanto que la ma\u00f1ana de hoy, en la calle Estudiantes, colindancia de las localidades de Nazareno con Soledad, Etla, un motociclista fue ejecutado a balazos.<\/p>\n\n\n\n<p>La v\u00edctima se transportaba en su motocicleta cuando fue atacado con disparos de arma de fuego, por lo que perdi\u00f3 la vida en el lugar;  respondi\u00f3 en vida al nombre de Jes\u00fas A.<\/p>\n\n\n\n<p>Mientras que en la playa de Zicatela, Puerto Escondido, Oaxaca, se suscit\u00f3 una agresi\u00f3n armada; un var\u00f3n fue trasladado a un hospital, por heridas causadas por proyectil de arma de fuego. Fue identificado con las iniciales R. L. S., de 32 a\u00f1os de edad<\/p>\n","protected":false},"excerpt":{"rendered":"<p>Redacci\u00f3n\/Zona Roja. Oaxaca de Ju\u00e1rez, Oax., 22 de julio de 2021.- Dos personas perdieron la&hellip;<\/p>\n","protected":false},"author":2,"featured_media":30045,"comment_status":"closed","ping_status":"open","sticky":false,"template":"","format":"standard","meta":{"_lmt_disableupdate":"","_lmt_disable":"","_jetpack_memberships_contains_paid_content":false,"footnotes":""},"categories":[109,51],"tags":[123],"class_list":["post-30044","post","type-post","status-publish","format-standard","has-post-thumbnail","hentry","category-minuto-a-minuto","category-zona-roja","tag-juchitan-de-zaragoza"],"jetpack_featured_media_url":"https:\/\/zonaroja.com.mx\/wp-content\/uploads\/2021\/07\/Asesinado-valle-de-Etla-Nazareno.jpg","jetpack_sharing_enabled":true,"_links":{"self":[{"href":"https:\/\/zonaroja.com.mx\/index.php?rest_route=\/wp\/v2\/posts\/30044","targetHints":{"allow":["GET"]}}],"collection":[{"href":"https:\/\/zonaroja.com.mx\/index.php?rest_route=\/wp\/v2\/posts"}],"about":[{"href":"https:\/\/zonaroja.com.mx\/index.php?rest_route=\/wp\/v2\/types\/post"}],"author":[{"embeddable":true,"href":"https:\/\/zonaroja.com.mx\/index.php?rest_route=\/wp\/v2\/users\/2"}],"replies":[{"embeddable":true,"href":"https:\/\/zonaroja.com.mx\/index.php?rest_route=%2Fwp%2Fv2%2Fcomments&post=30044"}],"version-history":[{"count":2,"href":"https:\/\/zonaroja.com.mx\/index.php?rest_route=\/wp\/v2\/posts\/30044\/revisions"}],"predecessor-version":[{"id":30057,"href":"https:\/\/zonaroja.com.mx\/index.php?rest_route=\/wp\/v2\/posts\/30044\/revisions\/30057"}],"wp:featuredmedia":[{"embeddable":true,"href":"https:\/\/zonaroja.com.mx\/index.php?rest_route=\/wp\/v2\/media\/30045"}],"wp:attachment":[{"href":"https:\/\/zonaroja.com.mx\/index.php?rest_route=%2Fwp%2Fv2%2Fmedia&parent=30044"}],"wp:term":[{"taxonomy":"category","embeddable":true,"href":"https:\/\/zonaroja.com.mx\/index.php?rest_route=%2Fwp%2Fv2%2Fcategories&post=30044"},{"taxonomy":"post_tag","embeddable":true,"href":"https:\/\/zonaroja.com.mx\/index.php?rest_route=%2Fwp%2Fv2%2Ftags&post=30044"}],"curies":[{"name":"wp","href":"https:\/\/api.w.org\/{rel}","templated":true}]}}