{"id":30048,"date":"2021-07-22T21:58:31","date_gmt":"2021-07-23T02:58:31","guid":{"rendered":"http:\/\/www.zonaroja.com.mx\/?p=30048"},"modified":"2021-07-22T21:58:34","modified_gmt":"2021-07-23T02:58:34","slug":"vinculan-a-proceso-a-los-dos-detenidos-por-caso-claudia-uruchurtu","status":"publish","type":"post","link":"https:\/\/zonaroja.com.mx\/?p=30048","title":{"rendered":"Vinculan a proceso a los dos detenidos por caso Claudia Uruchurtu"},"content":{"rendered":"\n<p>Redacci\u00f3n\/Zona Roja.<\/p>\n\n\n\n<p>Oaxaca de Ju\u00e1rez, Oax., 22 de julio de 2021.- Un juez del Poder Judicial de Oaxaca vincul\u00f3 hoy a proceso y envi\u00f3 a prisi\u00f3n preventiva a dos personas detenidas el pasado fin de semana por su presunta participaci\u00f3n en la desaparici\u00f3n de la ciudadana Claudia Uruchurtu Cruz.<\/p>\n\n\n\n<p>Se trata de Rolando A. B., alias \u201cEl Colas\u201d, quien fue enviado al reclusorio de la Villa de Etla, y de Nelsi Yanet V. J., quien fue recluida la tarde de este jueves en el penal femenil de San Francisco Tanivet, Tlacolula.<\/p>\n\n\n\n<p>Ambos fueron aprehendidos el pasado s\u00e1bado, el primero de ellos en jurisdicci\u00f3n de Santa Rosa Panzacola y la segunda en inmediaciones de San Andr\u00e9s Huay\u00e1pam.<\/p>\n\n\n\n<p>En un comunicado, la Fiscal\u00eda General del Estado de Oaxaca inform\u00f3 que de acuerdo con los hechos asentados en la causa penal 203\/2021, el pasado 26 de marzo de 2021, la v\u00edctima C. U. C. (Claudia) fue vista por \u00faltima vez en inmediaciones del palacio municipal de Asunci\u00f3n Nochixtl\u00e1n, luego de participar en una manifestaci\u00f3n contra las autoridades del lugar.<\/p>\n\n\n\n<p>En audiencia y tras validar los datos de prueba proporcionados por la FGEO, el Juez en turno determin\u00f3 vincular a proceso a los dos recientes imputados, imponi\u00e9ndoles la medida cautelar de prisi\u00f3n preventiva oficiosa y otorgando cuatro meses para el cierre de investigaci\u00f3n complementaria.<\/p>\n\n\n\n<p>Record\u00f3 que como resultado de las investigaciones, la Fiscal\u00eda logr\u00f3, en primera instancia, la aprehensi\u00f3n de la persona del sexo femenino identificada como L. V. H. (Lizbeth, la ex edil de Nochixtl\u00e1n) y los masculinos J. R. M. M. y J. A. H. quienes, tras ser presentados ante el Juzgado de Control, fueron vinculados a proceso el 13 de mayo de 2021.<\/p>\n\n\n\n<p>\u201cRespecto a la localizaci\u00f3n de la ciudadana C. U. C. (Claudia), la Fiscal\u00eda no descarta ninguna de las l\u00edneas de investigaci\u00f3n contenidas en la teor\u00eda del caso para dar con su paradero y reitera su compromiso de procurar el acceso pleno a la justicia para las v\u00edctimas directas e indirectas, as\u00ed como el trabajo en el proceso resarcitorio del da\u00f1o\u201d, expuso.<\/p>\n\n\n\n<p>Con estas dos recientes aprehensiones, suman cinco las personas detenidas por la desaparici\u00f3n de Claudia Uruchurtu Cruz, de quien se buscan sus restos, pues el fiscal Arturo Peimbert confirm\u00f3 recientemente que fue asesinada y probablemente calcinada.<\/p>\n","protected":false},"excerpt":{"rendered":"<p>Redacci\u00f3n\/Zona Roja. Oaxaca de Ju\u00e1rez, Oax., 22 de julio de 2021.- Un juez del Poder&hellip;<\/p>\n","protected":false},"author":2,"featured_media":26000,"comment_status":"closed","ping_status":"open","sticky":false,"template":"","format":"standard","meta":{"_lmt_disableupdate":"","_lmt_disable":"","_jetpack_memberships_contains_paid_content":false,"footnotes":""},"categories":[109,47],"tags":[2582],"class_list":["post-30048","post","type-post","status-publish","format-standard","has-post-thumbnail","hentry","category-minuto-a-minuto","category-zona-gris","tag-claudia-uruchurtu-cruz"],"jetpack_featured_media_url":"https:\/\/zonaroja.com.mx\/wp-content\/uploads\/2021\/04\/Claudia-Uruchurtu-C..jpg","jetpack_sharing_enabled":true,"_links":{"self":[{"href":"https:\/\/zonaroja.com.mx\/index.php?rest_route=\/wp\/v2\/posts\/30048","targetHints":{"allow":["GET"]}}],"collection":[{"href":"https:\/\/zonaroja.com.mx\/index.php?rest_route=\/wp\/v2\/posts"}],"about":[{"href":"https:\/\/zonaroja.com.mx\/index.php?rest_route=\/wp\/v2\/types\/post"}],"author":[{"embeddable":true,"href":"https:\/\/zonaroja.com.mx\/index.php?rest_route=\/wp\/v2\/users\/2"}],"replies":[{"embeddable":true,"href":"https:\/\/zonaroja.com.mx\/index.php?rest_route=%2Fwp%2Fv2%2Fcomments&post=30048"}],"version-history":[{"count":1,"href":"https:\/\/zonaroja.com.mx\/index.php?rest_route=\/wp\/v2\/posts\/30048\/revisions"}],"predecessor-version":[{"id":30049,"href":"https:\/\/zonaroja.com.mx\/index.php?rest_route=\/wp\/v2\/posts\/30048\/revisions\/30049"}],"wp:featuredmedia":[{"embeddable":true,"href":"https:\/\/zonaroja.com.mx\/index.php?rest_route=\/wp\/v2\/media\/26000"}],"wp:attachment":[{"href":"https:\/\/zonaroja.com.mx\/index.php?rest_route=%2Fwp%2Fv2%2Fmedia&parent=30048"}],"wp:term":[{"taxonomy":"category","embeddable":true,"href":"https:\/\/zonaroja.com.mx\/index.php?rest_route=%2Fwp%2Fv2%2Fcategories&post=30048"},{"taxonomy":"post_tag","embeddable":true,"href":"https:\/\/zonaroja.com.mx\/index.php?rest_route=%2Fwp%2Fv2%2Ftags&post=30048"}],"curies":[{"name":"wp","href":"https:\/\/api.w.org\/{rel}","templated":true}]}}