{"id":30050,"date":"2021-07-22T22:21:38","date_gmt":"2021-07-23T03:21:38","guid":{"rendered":"http:\/\/www.zonaroja.com.mx\/?p=30050"},"modified":"2021-07-22T22:21:43","modified_gmt":"2021-07-23T03:21:43","slug":"denuncian-penalmente-a-presidenta-municipal-de-san-jacinto-amilpas","status":"publish","type":"post","link":"https:\/\/zonaroja.com.mx\/?p=30050","title":{"rendered":"Denuncian penalmente a presidenta municipal de San Jacinto Amilpas"},"content":{"rendered":"\n<p>Ismael Garc\u00eda M.\/Zona Roja.<\/p>\n\n\n\n<p>Oaxaca de Ju\u00e1rez, Oax., 22 de julio de 2021.- Un grupo de concejales del ayuntamiento de San Jacinto Amilpas present\u00f3 una denuncia ante la Fiscal\u00eda Anticorrupci\u00f3n de Oaxaca, en contra de la presidenta municipal, Yolanda Santos Monta\u00f1o, por diversos delitos, entre ellos usurpaci\u00f3n de funciones y falsificaci\u00f3n de firmas y documentos.<\/p>\n\n\n\n<p>En conferencia de prensa en el centro de la ciudad de Oaxaca, expusieron que incluso la alcaldesa, surgida del Partido Morena &#8211;y sancionada por tribunales electorales por cometer violencia de g\u00e9nero&#8211; logr\u00f3 que un regidor preso en el reclusorio de Miahuatl\u00e1n, pudiera participar en videoconferencia para avalar acuerdos del Cabildo.<\/p>\n\n\n\n<p>\u00c1lvaro Ram\u00edrez Hern\u00e1ndez, s\u00edndico municipal, detall\u00f3 que est\u00e1n acusados tambi\u00e9n V\u00edctor Manuel Sebasti\u00e1n Monta\u00f1o, Luis Enrique L\u00f3pez Vargas y Olivia Isela Garc\u00eda Jim\u00e9nez, as\u00ed como quien o quienes resulten responsables.<\/p>\n\n\n\n<figure class=\"wp-block-embed-twitter wp-block-embed is-type-rich is-provider-twitter\"><div class=\"wp-block-embed__wrapper\">\n<div class=\"twitter-tweet\"><blockquote class=\"twitter-tweet\" data-lang=\"es\"><p lang=\"es\" dir=\"ltr\"><a href=\"https:\/\/twitter.com\/hashtag\/ENVIVO?src=hash&amp;ref_src=twsrc%5Etfw\">#ENVIVO<\/a><br>Oaxaca de Ju\u00e1rez, Oax., 22 de julio de 2021.- En conferencia de prensa, concejales informan que denunciaron penalmente a la presidenta municipal de San Jacinto Amilpas, Yolanda Santos, de Morena, por varios delitos.<br><br>Aqu\u00ed la transmisi\u00f3n \ud83d\udc47<a href=\"https:\/\/t.co\/rUbjuluSjv\">https:\/\/t.co\/rUbjuluSjv<\/a><\/p>&mdash; Zona Roja Oaxaca (@Zona_Roja_Oax) <a href=\"https:\/\/twitter.com\/Zona_Roja_Oax\/status\/1418277998877360134?ref_src=twsrc%5Etfw\">22 de julio de 2021<\/a><\/blockquote><\/div>\n<\/div><\/figure>\n\n\n\n<p>\u201cA estas alturas ya no vamos a permitir m\u00e1s irregularidades por parte de la presidenta, es por eso que queremos comentarles la situaci\u00f3n que se est\u00e1 viviendo\u201d, dijo el s\u00edndico, al detallar las m\u00faltiples omisiones, entre ellas no convocar a sesi\u00f3n de Cabildo desde hace varias semanas.<\/p>\n\n\n\n<p>Otros delitos tambi\u00e9n son falsificaci\u00f3n de sellos oficiales, abuso de autoridad, suplantaci\u00f3n de identidad, expuso.<\/p>\n\n\n\n<p>\u201cTiene m\u00e1s de 18 semanas que no ha convocado a sesiones; el ayuntamiento est\u00e1 trabajando de manera normal e incluso ha habido actos pol\u00edticos entonces s\u00ed hay condiciones para ello.<\/p>\n\n\n\n<p>\u201cC\u00f3mo es posible que un regidor que est\u00e9 preso en Miahuatl\u00e1n, pueda participar en una sesi\u00f3n y a nosotros no nos convoca\u201d, expres\u00f3.<\/p>\n\n\n\n<p>La denuncia ante la Fiscal\u00eda Especializada en Materia de Combate a la Corrupci\u00f3n es avalada tambi\u00e9n por Blanca Lidia M\u00e9ndez Arag\u00f3n, regidora de Educaci\u00f3n; Salvador Yrizar D\u00edaz, regidor de Bienestar, y Nubia Betsaida Cruz Garc\u00eda, regidora de Salud.<\/p>\n","protected":false},"excerpt":{"rendered":"<p>Ismael Garc\u00eda M.\/Zona Roja. Oaxaca de Ju\u00e1rez, Oax., 22 de julio de 2021.- Un grupo&hellip;<\/p>\n","protected":false},"author":2,"featured_media":30051,"comment_status":"closed","ping_status":"open","sticky":false,"template":"","format":"standard","meta":{"_lmt_disableupdate":"","_lmt_disable":"","_jetpack_memberships_contains_paid_content":false,"footnotes":""},"categories":[109,47],"tags":[77],"class_list":["post-30050","post","type-post","status-publish","format-standard","has-post-thumbnail","hentry","category-minuto-a-minuto","category-zona-gris","tag-san-jacinto-amilpas"],"jetpack_featured_media_url":"https:\/\/zonaroja.com.mx\/wp-content\/uploads\/2021\/07\/Conferencia-de-prensa-concejales-San-Jacinto-Amilpas.jpg","jetpack_sharing_enabled":true,"_links":{"self":[{"href":"https:\/\/zonaroja.com.mx\/index.php?rest_route=\/wp\/v2\/posts\/30050","targetHints":{"allow":["GET"]}}],"collection":[{"href":"https:\/\/zonaroja.com.mx\/index.php?rest_route=\/wp\/v2\/posts"}],"about":[{"href":"https:\/\/zonaroja.com.mx\/index.php?rest_route=\/wp\/v2\/types\/post"}],"author":[{"embeddable":true,"href":"https:\/\/zonaroja.com.mx\/index.php?rest_route=\/wp\/v2\/users\/2"}],"replies":[{"embeddable":true,"href":"https:\/\/zonaroja.com.mx\/index.php?rest_route=%2Fwp%2Fv2%2Fcomments&post=30050"}],"version-history":[{"count":1,"href":"https:\/\/zonaroja.com.mx\/index.php?rest_route=\/wp\/v2\/posts\/30050\/revisions"}],"predecessor-version":[{"id":30052,"href":"https:\/\/zonaroja.com.mx\/index.php?rest_route=\/wp\/v2\/posts\/30050\/revisions\/30052"}],"wp:featuredmedia":[{"embeddable":true,"href":"https:\/\/zonaroja.com.mx\/index.php?rest_route=\/wp\/v2\/media\/30051"}],"wp:attachment":[{"href":"https:\/\/zonaroja.com.mx\/index.php?rest_route=%2Fwp%2Fv2%2Fmedia&parent=30050"}],"wp:term":[{"taxonomy":"category","embeddable":true,"href":"https:\/\/zonaroja.com.mx\/index.php?rest_route=%2Fwp%2Fv2%2Fcategories&post=30050"},{"taxonomy":"post_tag","embeddable":true,"href":"https:\/\/zonaroja.com.mx\/index.php?rest_route=%2Fwp%2Fv2%2Ftags&post=30050"}],"curies":[{"name":"wp","href":"https:\/\/api.w.org\/{rel}","templated":true}]}}