{"id":30053,"date":"2021-07-22T22:25:18","date_gmt":"2021-07-23T03:25:18","guid":{"rendered":"http:\/\/www.zonaroja.com.mx\/?p=30053"},"modified":"2021-07-22T22:25:21","modified_gmt":"2021-07-23T03:25:21","slug":"sube-a-12-los-hospitales-saturados-con-pacientes-covid-en-oaxaca","status":"publish","type":"post","link":"https:\/\/zonaroja.com.mx\/?p=30053","title":{"rendered":"Sube a 12 los hospitales saturados con pacientes Covid en Oaxaca"},"content":{"rendered":"\n<p>Redacci\u00f3n\/Zona Roja.<\/p>\n\n\n\n<p>Oaxaca de Ju\u00e1rez, Oax. 22 de julio de 2021.- Al corte de este jueves, los Servicios de Salud de Oaxaca (SSO), han registrado 270 casos nuevos de Covid-19 y 12 decesos, que suman 52 mil 217 acumulados y cuatro mil 70 defunciones, por lo tanto; hay mil 539 personas activas con la enfermedad.<\/p>\n\n\n\n<p>Y es que se han notificado 91 mil 111 casos, de los cuales, 33 mil 586 han sido negativos, hay cinco mil 308 personas sospechosas, y 46 mil 608 se han recuperado.<\/p>\n\n\n\n<p>Por Jurisdicci\u00f3n Sanitaria, Valles Centrales contabiliza 33 mil 987 casos confirmados y mil 927 defunciones, Istmo cinco mil 815 casos confirmados y 822 defunciones, Tuxtepec tres mil 185 casos confirmados y 358 defunciones, Costa tres mil 164 casos confirmados y 323 defunciones, Mixteca cuatro mil 240 casos confirmados y 412 defunciones, Sierra mil 826 casos confirmados y 228 defunciones.<\/p>\n\n\n\n<p>Los 270 casos nuevos de COVID-19, afectan a 72 municipios siendo el de Oaxaca de Ju\u00e1rez el primer lugar con 24 casos, seguido de Ciudad Ixtepec y San Juan Bautista Tuxtepec con 22 cada uno, San Pedro Mixtepec (Distrito 22) 19, Pinotepa Nacional 13, Santa Mar\u00eda Tonameca 12, Salina Cruz y Santa Domingo Tehuantepec 10 cada uno, Juchit\u00e1n de Zaragoza, Tlaxiaco y Santa Mar\u00eda Petapa nueva cada uno, el resto de ocho, siete, seis, cuatro, tres, dos y un solo caso.<\/p>\n\n\n\n<figure class=\"wp-block-embed-twitter wp-block-embed is-type-rich is-provider-twitter\"><div class=\"wp-block-embed__wrapper\">\n<div class=\"twitter-tweet\"><blockquote class=\"twitter-tweet\" data-lang=\"es\"><p lang=\"es\" dir=\"ltr\"><a href=\"https:\/\/twitter.com\/hashtag\/%C3%9AltimoMinuto?src=hash&amp;ref_src=twsrc%5Etfw\">#\u00daltimoMinuto<\/a><br>*\u00a112 hospitales llenos de pacientes con Covid-19 en <a href=\"https:\/\/twitter.com\/hashtag\/Oaxaca?src=hash&amp;ref_src=twsrc%5Etfw\">#Oaxaca<\/a>!<br>*Hay 12 muertes este jueves, con lo que aumentan a 4 mil 70 los decesos.<br>*Tambi\u00e9n 270 casos positivos, con lo que se acumulan 52 mil 217 casos confirmados.<br>Fuente: Servicios de Salud.<a href=\"https:\/\/twitter.com\/hashtag\/Qu%C3%A9dateEnCasa?src=hash&amp;ref_src=twsrc%5Etfw\">#Qu\u00e9dateEnCasa<\/a> <a href=\"https:\/\/t.co\/CTz5zy9cgC\">pic.twitter.com\/CTz5zy9cgC<\/a><\/p>&mdash; Zona Roja Oaxaca (@Zona_Roja_Oax) <a href=\"https:\/\/twitter.com\/Zona_Roja_Oax\/status\/1418384403168911364?ref_src=twsrc%5Etfw\">23 de julio de 2021<\/a><\/blockquote><\/div>\n<\/div><\/figure>\n\n\n\n<p>De las cuatro mil 70 defunciones, dos mil 629 son hombres y mil 441 mujeres, los grupos de edad m\u00e1s afectados son los de 65 y m\u00e1s a\u00f1os con mil 936, seguido de 50 a 59 con 893, y 60 a 64 con 582, las comorbilidades asociadas son la hipertensi\u00f3n arterial, diabetes, obesidad e insuficiencia renal.<\/p>\n\n\n\n<p>En relaci\u00f3n a la ocupaci\u00f3n hospitalaria, hay 12 hospitales al 100 por ciento de ocupaci\u00f3n, 14 nuevos hospitalizados, con un global del 46.9 por ciento; adem\u00e1s, hay 180 camas ocupadas de un total de 384 y disponibles 204.<\/p>\n\n\n\n<p>Por Jurisdicci\u00f3n Sanitaria, Valles Centrales registra un 35.3 por ciento, Istmo 57.7 por ciento, Tuxtepec y Costa 69 por ciento cada uno, Mixteca 40 por ciento y la Sierra 0 por ciento.<\/p>\n\n\n\n<p>Ante este panorama, exhortan a las autoridades municipales a evitar las aglomeraciones o fiestas patronales, y a la poblaci\u00f3n para que eviten las reuniones o fiestas, esto debido al aumento en el n\u00famero de casos por las diferentes variantes del SARS-CoV-2 que actualmente circulan en la entidad.<\/p>\n","protected":false},"excerpt":{"rendered":"<p>Redacci\u00f3n\/Zona Roja. Oaxaca de Ju\u00e1rez, Oax. 22 de julio de 2021.- Al corte de este&hellip;<\/p>\n","protected":false},"author":2,"featured_media":30054,"comment_status":"closed","ping_status":"open","sticky":false,"template":"","format":"standard","meta":{"_lmt_disableupdate":"","_lmt_disable":"","_jetpack_memberships_contains_paid_content":false,"footnotes":""},"categories":[109,47],"tags":[1512],"class_list":["post-30053","post","type-post","status-publish","format-standard","has-post-thumbnail","hentry","category-minuto-a-minuto","category-zona-gris","tag-coronavirus-oaxaca"],"jetpack_featured_media_url":"https:\/\/zonaroja.com.mx\/wp-content\/uploads\/2021\/07\/22-de-julio-2021-Comunicado-te\u0301cnico.jpg","jetpack_sharing_enabled":true,"_links":{"self":[{"href":"https:\/\/zonaroja.com.mx\/index.php?rest_route=\/wp\/v2\/posts\/30053","targetHints":{"allow":["GET"]}}],"collection":[{"href":"https:\/\/zonaroja.com.mx\/index.php?rest_route=\/wp\/v2\/posts"}],"about":[{"href":"https:\/\/zonaroja.com.mx\/index.php?rest_route=\/wp\/v2\/types\/post"}],"author":[{"embeddable":true,"href":"https:\/\/zonaroja.com.mx\/index.php?rest_route=\/wp\/v2\/users\/2"}],"replies":[{"embeddable":true,"href":"https:\/\/zonaroja.com.mx\/index.php?rest_route=%2Fwp%2Fv2%2Fcomments&post=30053"}],"version-history":[{"count":1,"href":"https:\/\/zonaroja.com.mx\/index.php?rest_route=\/wp\/v2\/posts\/30053\/revisions"}],"predecessor-version":[{"id":30055,"href":"https:\/\/zonaroja.com.mx\/index.php?rest_route=\/wp\/v2\/posts\/30053\/revisions\/30055"}],"wp:featuredmedia":[{"embeddable":true,"href":"https:\/\/zonaroja.com.mx\/index.php?rest_route=\/wp\/v2\/media\/30054"}],"wp:attachment":[{"href":"https:\/\/zonaroja.com.mx\/index.php?rest_route=%2Fwp%2Fv2%2Fmedia&parent=30053"}],"wp:term":[{"taxonomy":"category","embeddable":true,"href":"https:\/\/zonaroja.com.mx\/index.php?rest_route=%2Fwp%2Fv2%2Fcategories&post=30053"},{"taxonomy":"post_tag","embeddable":true,"href":"https:\/\/zonaroja.com.mx\/index.php?rest_route=%2Fwp%2Fv2%2Ftags&post=30053"}],"curies":[{"name":"wp","href":"https:\/\/api.w.org\/{rel}","templated":true}]}}