{"id":30058,"date":"2021-07-23T07:33:39","date_gmt":"2021-07-23T12:33:39","guid":{"rendered":"http:\/\/www.zonaroja.com.mx\/?p=30058"},"modified":"2021-07-23T07:33:42","modified_gmt":"2021-07-23T12:33:42","slug":"identifican-a-mujer-adolescente-y-nino-asesinados-a-balazos-en-oaxaca","status":"publish","type":"post","link":"https:\/\/zonaroja.com.mx\/?p=30058","title":{"rendered":"Identifican a mujer, adolescente y ni\u00f1o asesinados a balazos en Oaxaca"},"content":{"rendered":"\n<p>Ismael Garc\u00eda M.\/Zona Roja.<\/p>\n\n\n\n<p>Oaxaca de Ju\u00e1rez, Oax., 23 de julio de 2021.- Como Shunashi del Carme M. A., de 31 a\u00f1os de edad; Salma Yaretzi A. S., de 14 a\u00f1os, y Gael M. M., de ocho a\u00f1os, fueron identificadas integrantes de la familia acribilladas en la regi\u00f3n del Istmo, Oaxaca.<\/p>\n\n\n\n<p>Eran originarios del barrio de Guichivere, Santo Domingo Tehuantepec, y fueron asesinados a balazos la noche del martes en inmediaciones de la localidad Campo Nuevo, en el municipio El Barrio la Soledad.<\/p>\n\n\n\n<p>Viajaban a bordo de una camioneta marca Mazda, color rojo, con placas de circulaci\u00f3n Y23-AZH de la Ciudad de M\u00e9xico, cuando fueron atacadas por disparos de arma de fuego, presuntamente por un grupo armado.<\/p>\n\n\n\n<p>Hasta el momento, la Fiscal\u00eda General del Estado de Oaxaca no cuenta con indicios acerca del o los probables autores del doble feminicidio y un homicidio; tampoco se ha revelado los motivos para asesinarlos.<\/p>\n\n\n\n<p>El caso ha generado m\u00faltiples reacciones de indignaci\u00f3n en la regi\u00f3n del Istmo de Tehuantepec, as\u00ed como la violencia que se ha recrudecido en la zona norte y la zona oriente de esa regi\u00f3n del estado.<\/p>\n","protected":false},"excerpt":{"rendered":"<p>Ismael Garc\u00eda M.\/Zona Roja. Oaxaca de Ju\u00e1rez, Oax., 23 de julio de 2021.- Como Shunashi&hellip;<\/p>\n","protected":false},"author":2,"featured_media":7486,"comment_status":"closed","ping_status":"open","sticky":false,"template":"","format":"standard","meta":{"_lmt_disableupdate":"","_lmt_disable":"","_jetpack_memberships_contains_paid_content":false,"footnotes":""},"categories":[109,51],"tags":[1384],"class_list":["post-30058","post","type-post","status-publish","format-standard","has-post-thumbnail","hentry","category-minuto-a-minuto","category-zona-roja","tag-el-barrio-la-soledad"],"jetpack_featured_media_url":"https:\/\/zonaroja.com.mx\/wp-content\/uploads\/2020\/01\/Escena-del-crimen7.jpg","jetpack_sharing_enabled":true,"_links":{"self":[{"href":"https:\/\/zonaroja.com.mx\/index.php?rest_route=\/wp\/v2\/posts\/30058","targetHints":{"allow":["GET"]}}],"collection":[{"href":"https:\/\/zonaroja.com.mx\/index.php?rest_route=\/wp\/v2\/posts"}],"about":[{"href":"https:\/\/zonaroja.com.mx\/index.php?rest_route=\/wp\/v2\/types\/post"}],"author":[{"embeddable":true,"href":"https:\/\/zonaroja.com.mx\/index.php?rest_route=\/wp\/v2\/users\/2"}],"replies":[{"embeddable":true,"href":"https:\/\/zonaroja.com.mx\/index.php?rest_route=%2Fwp%2Fv2%2Fcomments&post=30058"}],"version-history":[{"count":1,"href":"https:\/\/zonaroja.com.mx\/index.php?rest_route=\/wp\/v2\/posts\/30058\/revisions"}],"predecessor-version":[{"id":30059,"href":"https:\/\/zonaroja.com.mx\/index.php?rest_route=\/wp\/v2\/posts\/30058\/revisions\/30059"}],"wp:featuredmedia":[{"embeddable":true,"href":"https:\/\/zonaroja.com.mx\/index.php?rest_route=\/wp\/v2\/media\/7486"}],"wp:attachment":[{"href":"https:\/\/zonaroja.com.mx\/index.php?rest_route=%2Fwp%2Fv2%2Fmedia&parent=30058"}],"wp:term":[{"taxonomy":"category","embeddable":true,"href":"https:\/\/zonaroja.com.mx\/index.php?rest_route=%2Fwp%2Fv2%2Fcategories&post=30058"},{"taxonomy":"post_tag","embeddable":true,"href":"https:\/\/zonaroja.com.mx\/index.php?rest_route=%2Fwp%2Fv2%2Ftags&post=30058"}],"curies":[{"name":"wp","href":"https:\/\/api.w.org\/{rel}","templated":true}]}}