{"id":30063,"date":"2021-07-23T08:06:08","date_gmt":"2021-07-23T13:06:08","guid":{"rendered":"http:\/\/www.zonaroja.com.mx\/?p=30063"},"modified":"2021-07-23T08:06:11","modified_gmt":"2021-07-23T13:06:11","slug":"denuncian-que-dan-custodia-compartida-de-menor-pese-a-violencia-del-padre","status":"publish","type":"post","link":"https:\/\/zonaroja.com.mx\/?p=30063","title":{"rendered":"Denuncian que dan custodia compartida de menor, pese a violencia del padre"},"content":{"rendered":"\n<p>Evlin Arag\u00f3n\/Zona Roja.<\/p>\n\n\n\n<p>Oaxaca de Ju\u00e1rez, Oax., 23 de julio de 2021.- Luvia Altamirano Raymundo denunci\u00f3 el riesgo que corre su hijo, de tan s\u00f3lo cuatro a\u00f1os de edad, tras la reciente resoluci\u00f3n por parte de la Juez Cuarto Familiar del Distrito Judicial del Centro, quien otorg\u00f3 la custodia compartida a la mujer y su ex pareja, pese a que \u00e9ste fue denunciado por violencia familiar.<\/p>\n\n\n\n<p>De acuerdo con la denunciante, la juez Joanna Vasconcelos S\u00e1nchez resolvi\u00f3 el cambio de guarda y custodia que ten\u00eda otorgado a su favor, lo anterior mediante pruebas falsas que dan pie a considerar que existe influyentismo y corrupci\u00f3n al interior del juzgado.&nbsp;<\/p>\n\n\n\n<p>Y es que uno de los argumentos refiere que la juez Gabriela Prieto Allende le hab\u00eda impuesto una multa por no presentar a su hijo a convivencia con su padre durante los primeros d\u00edas del mes de diciembre del 2019, ello pese a que en ese entonces a\u00fan no presentaba la demanda que dio origen al juicio familiar 162\/2020.&nbsp;<\/p>\n\n\n\n<p>Explic\u00f3 que en caso de haber confundido el a\u00f1o y tratarse del 2020, existe un manifiesto firmado por Fidel Gallegos Figueroa, padre del menor, en el que expone que no acudir\u00eda a convivencias con el ni\u00f1o, mismo que qued\u00f3 asentado en el cuaderno de actas de recepci\u00f3n.<\/p>\n\n\n\n<p>As\u00ed mismo denunci\u00f3 la actuaci\u00f3n con dolo por parte de la juez a cargo ya que, aunque present\u00f3 justificante m\u00e9dico que acreditaba la falta a la convivencia entre el ni\u00f1o y su progenitor el mes de marzo, \u00e9sta no le crey\u00f3 y solicit\u00f3 un informe detallado de la cl\u00ednica en la que fue intervenida, a diferencia del demandado quien con su solo dicho fue digno de fe.&nbsp;<\/p>\n\n\n\n<p>Luvia Altamirano dio a conocer que existen declaraciones de su hijo y peritajes psicol\u00f3gicos que dan cuenta que sufre violencia f\u00edsica y emocional por parte de su padre y su actual pareja, por lo que denunci\u00f3 a la juez Joanna Vasconcelos S\u00e1nchez y el secretario Eduardo P\u00e9rez Coachi de no procurar la integridad f\u00edsica y emocional del peque\u00f1o.&nbsp;<\/p>\n\n\n\n<p>\u201cEs preocupante y peligroso el actuar de la juez Joanna Vasconcelos S\u00e1nchez a quien le parece riesgosa mi tardanza para llegar a las convivencias de mi hijo con su padre, a pesar de estar justificadas, pero no le parece grave otorgarle la guarda y custodia por cinco d\u00edas a un violentador\u201d, refiri\u00f3.&nbsp;<\/p>\n\n\n\n<p>Y, por si fuera poco, en la misma resoluci\u00f3n la juez orden\u00f3 la reducci\u00f3n de la pensi\u00f3n alimenticia al 10 por ciento, a pesar de tratarse de una sentencia definitiva y firme, protegiendo los intereses de Fidel Gallegos Figueroa.&nbsp;<\/p>\n\n\n\n<p>Por lo anterior solicit\u00f3 la revocaci\u00f3n de dicha resoluci\u00f3n a fin de salvaguardar la integridad f\u00edsica y emocional de su hijo, por la violencia que vive por parte de su progenitor; as\u00ed como decrete convivencias vigiladas un par de veces a la semana debido al inminente riesgo al que se enfrenta.&nbsp;<\/p>\n","protected":false},"excerpt":{"rendered":"<p>Evlin Arag\u00f3n\/Zona Roja. Oaxaca de Ju\u00e1rez, Oax., 23 de julio de 2021.- Luvia Altamirano Raymundo&hellip;<\/p>\n","protected":false},"author":2,"featured_media":2915,"comment_status":"closed","ping_status":"open","sticky":false,"template":"","format":"standard","meta":{"_lmt_disableupdate":"","_lmt_disable":"","_jetpack_memberships_contains_paid_content":false,"footnotes":""},"categories":[109,47],"tags":[2812],"class_list":["post-30063","post","type-post","status-publish","format-standard","has-post-thumbnail","hentry","category-minuto-a-minuto","category-zona-gris","tag-luvia-altamirano-raymundo"],"jetpack_featured_media_url":"https:\/\/zonaroja.com.mx\/wp-content\/uploads\/2019\/08\/abuso-menores.jpg","jetpack_sharing_enabled":true,"_links":{"self":[{"href":"https:\/\/zonaroja.com.mx\/index.php?rest_route=\/wp\/v2\/posts\/30063","targetHints":{"allow":["GET"]}}],"collection":[{"href":"https:\/\/zonaroja.com.mx\/index.php?rest_route=\/wp\/v2\/posts"}],"about":[{"href":"https:\/\/zonaroja.com.mx\/index.php?rest_route=\/wp\/v2\/types\/post"}],"author":[{"embeddable":true,"href":"https:\/\/zonaroja.com.mx\/index.php?rest_route=\/wp\/v2\/users\/2"}],"replies":[{"embeddable":true,"href":"https:\/\/zonaroja.com.mx\/index.php?rest_route=%2Fwp%2Fv2%2Fcomments&post=30063"}],"version-history":[{"count":1,"href":"https:\/\/zonaroja.com.mx\/index.php?rest_route=\/wp\/v2\/posts\/30063\/revisions"}],"predecessor-version":[{"id":30064,"href":"https:\/\/zonaroja.com.mx\/index.php?rest_route=\/wp\/v2\/posts\/30063\/revisions\/30064"}],"wp:featuredmedia":[{"embeddable":true,"href":"https:\/\/zonaroja.com.mx\/index.php?rest_route=\/wp\/v2\/media\/2915"}],"wp:attachment":[{"href":"https:\/\/zonaroja.com.mx\/index.php?rest_route=%2Fwp%2Fv2%2Fmedia&parent=30063"}],"wp:term":[{"taxonomy":"category","embeddable":true,"href":"https:\/\/zonaroja.com.mx\/index.php?rest_route=%2Fwp%2Fv2%2Fcategories&post=30063"},{"taxonomy":"post_tag","embeddable":true,"href":"https:\/\/zonaroja.com.mx\/index.php?rest_route=%2Fwp%2Fv2%2Ftags&post=30063"}],"curies":[{"name":"wp","href":"https:\/\/api.w.org\/{rel}","templated":true}]}}