{"id":30067,"date":"2021-07-23T08:19:48","date_gmt":"2021-07-23T13:19:48","guid":{"rendered":"http:\/\/www.zonaroja.com.mx\/?p=30067"},"modified":"2021-07-23T08:19:52","modified_gmt":"2021-07-23T13:19:52","slug":"por-omisiones-de-segego-rechaza-congreso-terna-para-comision-de-atencion-a-victimas","status":"publish","type":"post","link":"https:\/\/zonaroja.com.mx\/?p=30067","title":{"rendered":"Por omisiones de Segego, rechaza Congreso terna para Comisi\u00f3n de Atenci\u00f3n a V\u00edctimas"},"content":{"rendered":"\n<p>Redacci\u00f3n\/Zona Roja.<\/p>\n\n\n\n<p>Oaxaca de Ju\u00e1rez, Oax., 23 de julio de 2021.- Por cometer violaciones a la legislaci\u00f3n vigente, el Congreso de Oaxaca rechaz\u00f3 la terna emitida por el Poder Ejecutivo, de aspirantes a ocupar la titularidad de la Comisi\u00f3n de Atenci\u00f3n a V\u00edctimas de Violencia en la entidad.<\/p>\n\n\n\n<p>Lo anterior porque la Secretar\u00eda General de Gobierno (Segego), no se apeg\u00f3 a lo establecido en la Ley de V\u00edctimas del Estado Oaxaca, en relaci\u00f3n al proceso de selecci\u00f3n de la terna de los y las aspirantes para ocupar&nbsp; el&nbsp; cargo de Comisionada o Comisionado Ejecutivo Estatal de Atenci\u00f3n Integral a V\u00edctimas de Oaxaca.<\/p>\n\n\n\n<p>El Art\u00edculo 92 de la legislaci\u00f3n establece que el Ejecutivo del Estado realizar\u00e1 una consulta previa a los colectivos de v\u00edctimas, expertos y organizaciones de la sociedad civil especializadas en la materia para determinar y emitir la terna de contendientes al Congreso; pero incumpli\u00f3 con este procedimiento.<\/p>\n\n\n\n<p>Este paso es imprescindible, porque se toma como eje rector las necesidades, opiniones y experiencias de las v\u00edctimas, los colectivos, expertos y organismos civiles, y as\u00ed garantizar que este sector vulnerable sea escuchado y sean reconocidos plenamente como sujetos de derechos.<\/p>\n\n\n\n<p>Ante una terna viciada de origen, por haber incumplido este requisito esencial para la Constituci\u00f3n del organismo local de atenci\u00f3n a v\u00edctimas, el Parlamento oaxaque\u00f1o decret\u00f3 improcedente su aprobaci\u00f3n, a fin de que sea devuelto al Ejecutivo estatal para efectos de enviar nuevas postulaciones, previa consulta con los sectores anteriormente se\u00f1alados.<\/p>\n","protected":false},"excerpt":{"rendered":"<p>Redacci\u00f3n\/Zona Roja. Oaxaca de Ju\u00e1rez, Oax., 23 de julio de 2021.- Por cometer violaciones a&hellip;<\/p>\n","protected":false},"author":2,"featured_media":30068,"comment_status":"closed","ping_status":"open","sticky":false,"template":"","format":"standard","meta":{"_lmt_disableupdate":"","_lmt_disable":"","_jetpack_memberships_contains_paid_content":false,"footnotes":""},"categories":[109,47],"tags":[213],"class_list":["post-30067","post","type-post","status-publish","format-standard","has-post-thumbnail","hentry","category-minuto-a-minuto","category-zona-gris","tag-64-legislatura-de-oaxaca"],"jetpack_featured_media_url":"https:\/\/zonaroja.com.mx\/wp-content\/uploads\/2021\/07\/FOTO-1-Por-falta-de-consulta-rechaza-Congreso-terna-de-aspirantes-a-la-Comision-de-Atencion-a-Victimas.jpg","jetpack_sharing_enabled":true,"_links":{"self":[{"href":"https:\/\/zonaroja.com.mx\/index.php?rest_route=\/wp\/v2\/posts\/30067","targetHints":{"allow":["GET"]}}],"collection":[{"href":"https:\/\/zonaroja.com.mx\/index.php?rest_route=\/wp\/v2\/posts"}],"about":[{"href":"https:\/\/zonaroja.com.mx\/index.php?rest_route=\/wp\/v2\/types\/post"}],"author":[{"embeddable":true,"href":"https:\/\/zonaroja.com.mx\/index.php?rest_route=\/wp\/v2\/users\/2"}],"replies":[{"embeddable":true,"href":"https:\/\/zonaroja.com.mx\/index.php?rest_route=%2Fwp%2Fv2%2Fcomments&post=30067"}],"version-history":[{"count":1,"href":"https:\/\/zonaroja.com.mx\/index.php?rest_route=\/wp\/v2\/posts\/30067\/revisions"}],"predecessor-version":[{"id":30069,"href":"https:\/\/zonaroja.com.mx\/index.php?rest_route=\/wp\/v2\/posts\/30067\/revisions\/30069"}],"wp:featuredmedia":[{"embeddable":true,"href":"https:\/\/zonaroja.com.mx\/index.php?rest_route=\/wp\/v2\/media\/30068"}],"wp:attachment":[{"href":"https:\/\/zonaroja.com.mx\/index.php?rest_route=%2Fwp%2Fv2%2Fmedia&parent=30067"}],"wp:term":[{"taxonomy":"category","embeddable":true,"href":"https:\/\/zonaroja.com.mx\/index.php?rest_route=%2Fwp%2Fv2%2Fcategories&post=30067"},{"taxonomy":"post_tag","embeddable":true,"href":"https:\/\/zonaroja.com.mx\/index.php?rest_route=%2Fwp%2Fv2%2Ftags&post=30067"}],"curies":[{"name":"wp","href":"https:\/\/api.w.org\/{rel}","templated":true}]}}