{"id":30070,"date":"2021-07-23T09:57:13","date_gmt":"2021-07-23T14:57:13","guid":{"rendered":"http:\/\/www.zonaroja.com.mx\/?p=30070"},"modified":"2021-07-23T09:57:18","modified_gmt":"2021-07-23T14:57:18","slug":"redujo-la-uabjo-hasta-en-80-gastos-de-operacion-en-5-anos","status":"publish","type":"post","link":"https:\/\/zonaroja.com.mx\/?p=30070","title":{"rendered":"Redujo la UABJO hasta en 80% gastos de operaci\u00f3n en 5 a\u00f1os"},"content":{"rendered":"\n<p>Redacci\u00f3n\/Zona Roja.<\/p>\n\n\n\n<p>Oaxaca de Ju\u00e1rez, Oax., 23 de julio de 2021.- Para cumplir con las obligaciones laborales de la plantilla de trabajadoras y trabajadores acad\u00e9micos y administrativos, durante los \u00faltimos cinco a\u00f1os, la UABJO ha emprendido acciones de saneamiento administrativo y austeridad, las cuales han permitido reducir gastos de operaci\u00f3n hasta en un 80 por ciento.<\/p>\n\n\n\n<p>Lo anterior se dio a conocer en el contexto de transparencia y rendici\u00f3n de cuentas de la Universidad Aut\u00f3noma \u201cBenito Ju\u00e1rez\u201d de Oaxaca (UABJO), a trav\u00e9s de la Secretar\u00eda de Finanzas (SF) y la Oficina del Abogado General (OAG), en que se rindi\u00f3 un informe detallado del estado que guarda la instituci\u00f3n en t\u00e9rminos financieros, administrativos y laborales.<\/p>\n\n\n\n<p>La reuni\u00f3n fue encabezada por el rector Eduardo Bautista Mart\u00ednez; la secretaria de Finanzas, Ver\u00f3nica Jim\u00e9nez Ochoa, y el Abogado General, H\u00e9ctor L\u00f3pez S\u00e1nchez, con la presencia de titulares de las secretar\u00edas y direcciones de Unidades acad\u00e9micas.<\/p>\n\n\n\n<p>En un comunicado, la Universidad inform\u00f3 que desde 2016 se han implementado acciones de saneamiento financiero comprometidas con los gobiernos federal y estatal y con el aval del Consejo Universitario.<\/p>\n\n\n\n<p>\u201cEsto ha permitido la reasignaci\u00f3n de los ahorros hacia el pago de sueldos y prestaciones de la planta laboral, quedando pendiente la atenci\u00f3n de algunos pasivos de n\u00f3mina que proceden de a\u00f1os atr\u00e1s\u201d, expuso.<\/p>\n\n\n\n<p>Cabe hacer menci\u00f3n que durante la presente administraci\u00f3n que preside Bautista Mart\u00ednez, la matr\u00edcula ha aumentado un 23%, mientras que el subsidio p\u00fablico ordinario lo hizo tan solo en un 8%, seg\u00fan el reporte t\u00e9cnico m\u00e1s reciente de la SEP-ANUIES-AMOCVIES.<\/p>\n\n\n\n<p>En t\u00e9rminos porcentuales, la matr\u00edcula creci\u00f3 al triple, lo que dio como resultado la disminuci\u00f3n del presupuesto anual por alumno de 47 mil a 41, 396 pesos en cinco a\u00f1os.<\/p>\n\n\n\n<p>\u201cDerivado de esto, la instituci\u00f3n ha realizado ajustes administrativos que coadyuvan de alguna manera a la viabilidad financiera.<\/p>\n\n\n\n<p>\u201cY en este sentido, se considera la continuidad de la contenci\u00f3n de plazas, las limitantes para el incremento de prestaciones no contempladas en el modelo de las Secretar\u00edas de Educaci\u00f3n P\u00fablica y de Hacienda y Cr\u00e9dito P\u00fablico (SEP-SHCP).<\/p>\n\n\n\n<p>\u201cAs\u00ed tambi\u00e9n las restricciones para generar nuevas prestaciones y como un asunto relevante, la continuidad de la gesti\u00f3n para actualizar el tema de pensiones y jubilaciones, puesto que rebasa ya el 30% del pago de n\u00f3mina\u201d, detall\u00f3.<\/p>\n\n\n\n<p>En lo que se refiere a temas laborales, la instituci\u00f3n enfrenta demandas por expedientes en ejecuci\u00f3n que corresponden principalmente a reconocimientos de antig\u00fcedad y diferencias salariales reclamadas por personal administrativo y en menor medida por despidos y restituci\u00f3n de cargas horarias, entre otras.<\/p>\n\n\n\n<p>En relaci\u00f3n a ello, se tiene el registro de 644 expedientes activos, 390 laborales y 30 en ejecuci\u00f3n, estos \u00faltimos corresponden a reinstalaciones de personal y pagos de prestaciones y diferencias salariales derivadas de las mismas, situaci\u00f3n que genera presiones de car\u00e1cter financiero.<\/p>\n\n\n\n<p>Por lo que se convoc\u00f3 el rector a las autoridades de las unidades acad\u00e9micas a coadyuvar en la pol\u00edtica de contenci\u00f3n.<\/p>\n\n\n\n<p>\u201cDe esta manera el ejercicio presupuestal se ha realizado en el marco de la normatividad aplicable, cumpliendo los requerimientos de fiscalizaci\u00f3n de 40 auditor\u00edas atendidas en este periodo, con el \u00e1nimo de mostrar transparencia y rendici\u00f3n de cuentas\u201d, se\u00f1al\u00f3.<\/p>\n","protected":false},"excerpt":{"rendered":"<p>Redacci\u00f3n\/Zona Roja. Oaxaca de Ju\u00e1rez, Oax., 23 de julio de 2021.- Para cumplir con las&hellip;<\/p>\n","protected":false},"author":2,"featured_media":30071,"comment_status":"closed","ping_status":"open","sticky":false,"template":"","format":"standard","meta":{"_lmt_disableupdate":"","_lmt_disable":"","_jetpack_memberships_contains_paid_content":false,"footnotes":""},"categories":[109,47],"tags":[360],"class_list":["post-30070","post","type-post","status-publish","format-standard","has-post-thumbnail","hentry","category-minuto-a-minuto","category-zona-gris","tag-rector-eduardo-bautista-martinez"],"jetpack_featured_media_url":"https:\/\/zonaroja.com.mx\/wp-content\/uploads\/2021\/07\/Rector-UABJO-informe-finanzas.jpg","jetpack_sharing_enabled":true,"_links":{"self":[{"href":"https:\/\/zonaroja.com.mx\/index.php?rest_route=\/wp\/v2\/posts\/30070","targetHints":{"allow":["GET"]}}],"collection":[{"href":"https:\/\/zonaroja.com.mx\/index.php?rest_route=\/wp\/v2\/posts"}],"about":[{"href":"https:\/\/zonaroja.com.mx\/index.php?rest_route=\/wp\/v2\/types\/post"}],"author":[{"embeddable":true,"href":"https:\/\/zonaroja.com.mx\/index.php?rest_route=\/wp\/v2\/users\/2"}],"replies":[{"embeddable":true,"href":"https:\/\/zonaroja.com.mx\/index.php?rest_route=%2Fwp%2Fv2%2Fcomments&post=30070"}],"version-history":[{"count":1,"href":"https:\/\/zonaroja.com.mx\/index.php?rest_route=\/wp\/v2\/posts\/30070\/revisions"}],"predecessor-version":[{"id":30072,"href":"https:\/\/zonaroja.com.mx\/index.php?rest_route=\/wp\/v2\/posts\/30070\/revisions\/30072"}],"wp:featuredmedia":[{"embeddable":true,"href":"https:\/\/zonaroja.com.mx\/index.php?rest_route=\/wp\/v2\/media\/30071"}],"wp:attachment":[{"href":"https:\/\/zonaroja.com.mx\/index.php?rest_route=%2Fwp%2Fv2%2Fmedia&parent=30070"}],"wp:term":[{"taxonomy":"category","embeddable":true,"href":"https:\/\/zonaroja.com.mx\/index.php?rest_route=%2Fwp%2Fv2%2Fcategories&post=30070"},{"taxonomy":"post_tag","embeddable":true,"href":"https:\/\/zonaroja.com.mx\/index.php?rest_route=%2Fwp%2Fv2%2Ftags&post=30070"}],"curies":[{"name":"wp","href":"https:\/\/api.w.org\/{rel}","templated":true}]}}