{"id":30073,"date":"2021-07-23T10:32:13","date_gmt":"2021-07-23T15:32:13","guid":{"rendered":"http:\/\/www.zonaroja.com.mx\/?p=30073"},"modified":"2021-07-23T10:32:17","modified_gmt":"2021-07-23T15:32:17","slug":"se-unen-gremios-para-pedir-al-congreso-avalar-iniciativa-a-favor-de-mototaxis","status":"publish","type":"post","link":"https:\/\/zonaroja.com.mx\/?p=30073","title":{"rendered":"Se unen gremios para pedir al Congreso avalar iniciativa a favor de mototaxis"},"content":{"rendered":"\n<p>Redacci\u00f3n\/Zona Roja.<\/p>\n\n\n\n<p>Oaxaca de Ju\u00e1rez, Oax., 23 de julio de 2021.- La Confederaci\u00f3n Libertad  de Trabajadores de M\u00e9xico y el Movimiento de Izquierda Revolucionaria se unieron a la campa\u00f1a \u201cS\u00famate\u201d, para pedir al Congreso del Estado d\u00e9 certeza y legalidad al sistema del transporte mototaxi, as\u00ed como a sus trabajadores.<\/p>\n\n\n\n<p>Durante un encuentro encabezado por Guadalupe D\u00edaz Pantoja, insistieron en que no se debe criminalizar ni prohibir la actividad, sino por el contrario incentivarla y darle certeza jur\u00eddica, al ser el sost\u00e9n de miles de familias.<\/p>\n\n\n\n<p>Y es que el Congreso del Estado derog\u00f3 en septiembre del a\u00f1o pasado la figura del mototaxi en la ley del transporte, con lo cual dej\u00f3 en la incertidumbre a este sector.<\/p>\n\n\n\n<p>Con ello \u201cpropiciaron una situaci\u00f3n de desorden y anarqu\u00eda en este medio de transporte, pero nuestras leyes a pesar de tanto remend\u00f3 son&nbsp; fuertes y siguen ponderando las necesidades populares, hoy un grupo de mujeres y hombres perseguimos una lista de objetivos claros y precisos\u201d, expusieron durante una conferencia de prensa.<\/p>\n\n\n\n<p>Entre otras peticiones, que ya presentaron al Congreso del Estado y cuya propuesta fue recibida por el diputado local Horacio Sosa Villavicencio, destacan que se abrogue el decreto 1731 que ha atropellado los derechos laborales de miles de familias, y condenado a la irregularidad a cientos.<\/p>\n\n\n\n<p>Que los estudios de factibilidad sean a solicitud ciudadana y ya no un mecanismo de favores pol\u00edticos y nepotismo.<\/p>\n\n\n\n<p>Que las determinaciones de las concesiones sean paritarias para cualquier medio de transporte es tiempo de la igualdad sustantiva.<\/p>\n\n\n\n<p>La propuesta ser\u00e1 turnada al pleno que a su vez la designar\u00e1 a la comisi\u00f3n permanente respectiva.<\/p>\n","protected":false},"excerpt":{"rendered":"<p>Redacci\u00f3n\/Zona Roja. Oaxaca de Ju\u00e1rez, Oax., 23 de julio de 2021.- La Confederaci\u00f3n Libertad de&hellip;<\/p>\n","protected":false},"author":2,"featured_media":30074,"comment_status":"closed","ping_status":"open","sticky":false,"template":"","format":"standard","meta":{"_lmt_disableupdate":"","_lmt_disable":"","_jetpack_memberships_contains_paid_content":false,"footnotes":""},"categories":[109,47],"tags":[1761],"class_list":["post-30073","post","type-post","status-publish","format-standard","has-post-thumbnail","hentry","category-minuto-a-minuto","category-zona-gris","tag-confederacion-libertad-de-trabajadores-de-mexico"],"jetpack_featured_media_url":"https:\/\/zonaroja.com.mx\/wp-content\/uploads\/2021\/07\/Conferencia-Confederacion-Libertad.jpg","jetpack_sharing_enabled":true,"_links":{"self":[{"href":"https:\/\/zonaroja.com.mx\/index.php?rest_route=\/wp\/v2\/posts\/30073","targetHints":{"allow":["GET"]}}],"collection":[{"href":"https:\/\/zonaroja.com.mx\/index.php?rest_route=\/wp\/v2\/posts"}],"about":[{"href":"https:\/\/zonaroja.com.mx\/index.php?rest_route=\/wp\/v2\/types\/post"}],"author":[{"embeddable":true,"href":"https:\/\/zonaroja.com.mx\/index.php?rest_route=\/wp\/v2\/users\/2"}],"replies":[{"embeddable":true,"href":"https:\/\/zonaroja.com.mx\/index.php?rest_route=%2Fwp%2Fv2%2Fcomments&post=30073"}],"version-history":[{"count":1,"href":"https:\/\/zonaroja.com.mx\/index.php?rest_route=\/wp\/v2\/posts\/30073\/revisions"}],"predecessor-version":[{"id":30075,"href":"https:\/\/zonaroja.com.mx\/index.php?rest_route=\/wp\/v2\/posts\/30073\/revisions\/30075"}],"wp:featuredmedia":[{"embeddable":true,"href":"https:\/\/zonaroja.com.mx\/index.php?rest_route=\/wp\/v2\/media\/30074"}],"wp:attachment":[{"href":"https:\/\/zonaroja.com.mx\/index.php?rest_route=%2Fwp%2Fv2%2Fmedia&parent=30073"}],"wp:term":[{"taxonomy":"category","embeddable":true,"href":"https:\/\/zonaroja.com.mx\/index.php?rest_route=%2Fwp%2Fv2%2Fcategories&post=30073"},{"taxonomy":"post_tag","embeddable":true,"href":"https:\/\/zonaroja.com.mx\/index.php?rest_route=%2Fwp%2Fv2%2Ftags&post=30073"}],"curies":[{"name":"wp","href":"https:\/\/api.w.org\/{rel}","templated":true}]}}