{"id":30076,"date":"2021-07-23T16:44:21","date_gmt":"2021-07-23T21:44:21","guid":{"rendered":"http:\/\/www.zonaroja.com.mx\/?p=30076"},"modified":"2021-07-23T16:44:24","modified_gmt":"2021-07-23T21:44:24","slug":"rechaza-juez-dar-arraigo-domiciliario-a-german-tenorio-vuelve-a-prision","status":"publish","type":"post","link":"https:\/\/zonaroja.com.mx\/?p=30076","title":{"rendered":"Rechaza juez dar arraigo domiciliario a Germ\u00e1n Tenorio; vuelve a prisi\u00f3n"},"content":{"rendered":"\n<p>Ismael Garc\u00eda M.\/Zona Roja.<\/p>\n\n\n\n<p>Oaxaca de Ju\u00e1rez, Oax., 23 de julio de 2023.- En audiencia de desahogo de una ejecutoria de amparo, el juez de control de la causa, del Poder Judicial de Oaxaca, rechaz\u00f3 que Germ\u00e1n Tenorio Vasconcelos contin\u00fae su proceso judicial en arraigo domiciliario, por lo que seguir\u00e1 en prisi\u00f3n.<\/p>\n\n\n\n<p>Quien fuera titular de los Servicios de Salud de Oaxaca (SSO) en la mayor parte del sexenio de Gabino Cu\u00e9 Monteagudo, est\u00e1 acusado por el delito de peculado, por un monto de 100 millones de pesos y fue detenido en 2017.<\/p>\n\n\n\n<p>La audiencia de hoy se llev\u00f3 a cabo en las instalaciones del Tribunal Superior de Justicia, ubicadas en Ciudad Judicial, Reyes Mantec\u00f3n, San Bartolo Coyotepec; luego de unas cuatro horas, el juzgador determin\u00f3 que contin\u00fae su proceso en reclusi\u00f3n.<\/p>\n\n\n\n<p>Sin embargo, Tenorio Vasconcelos podr\u00eda salir pronto libre, debido a que de 13 expedientes, lleva ganados 12, uno de los cuales fue compurgado y en los otro 11 a parte acusadora, el Gobierno del Estado de Oaxaca, ha contribuido para el desvanecimiento de datos o para otorgar el perd\u00f3n.<\/p>\n\n\n\n<p>Sobre el caso de este viernes, el abogado del ex secretario de Salud estatal hab\u00eda interpuesto un amparo cuando Tenorio se contagi\u00f3 de Covid-19 y argument\u00f3 que por su avanzada edad y estado de salud, deb\u00eda seguir el proceso en arraigo domiciliario.<\/p>\n\n\n\n<p>Un juez de distrito determin\u00f3 tambi\u00e9n que no era necesaria la prisi\u00f3n en un reclusorio, pues el delito no lo ameritaba; no obstante, el juez de control determin\u00f3 hoy que deber\u00e1 seguir su caso en prisi\u00f3n.<\/p>\n\n\n\n<p>Tenorio Vasconcelos fue detenido el 3 de junio de 2017 en Guadalajara, Jalisco, acusado de abuso de autoridad y peculado.<\/p>\n","protected":false},"excerpt":{"rendered":"<p>Ismael Garc\u00eda M.\/Zona Roja. Oaxaca de Ju\u00e1rez, Oax., 23 de julio de 2023.- En audiencia&hellip;<\/p>\n","protected":false},"author":2,"featured_media":30077,"comment_status":"closed","ping_status":"open","sticky":false,"template":"","format":"standard","meta":{"_lmt_disableupdate":"","_lmt_disable":"","_jetpack_memberships_contains_paid_content":false,"footnotes":""},"categories":[109,47],"tags":[1767],"class_list":["post-30076","post","type-post","status-publish","format-standard","has-post-thumbnail","hentry","category-minuto-a-minuto","category-zona-gris","tag-german-tenorio-vasconcelos"],"jetpack_featured_media_url":"https:\/\/zonaroja.com.mx\/wp-content\/uploads\/2021\/07\/German-Tenorio-audiencia.jpg","jetpack_sharing_enabled":true,"_links":{"self":[{"href":"https:\/\/zonaroja.com.mx\/index.php?rest_route=\/wp\/v2\/posts\/30076","targetHints":{"allow":["GET"]}}],"collection":[{"href":"https:\/\/zonaroja.com.mx\/index.php?rest_route=\/wp\/v2\/posts"}],"about":[{"href":"https:\/\/zonaroja.com.mx\/index.php?rest_route=\/wp\/v2\/types\/post"}],"author":[{"embeddable":true,"href":"https:\/\/zonaroja.com.mx\/index.php?rest_route=\/wp\/v2\/users\/2"}],"replies":[{"embeddable":true,"href":"https:\/\/zonaroja.com.mx\/index.php?rest_route=%2Fwp%2Fv2%2Fcomments&post=30076"}],"version-history":[{"count":1,"href":"https:\/\/zonaroja.com.mx\/index.php?rest_route=\/wp\/v2\/posts\/30076\/revisions"}],"predecessor-version":[{"id":30078,"href":"https:\/\/zonaroja.com.mx\/index.php?rest_route=\/wp\/v2\/posts\/30076\/revisions\/30078"}],"wp:featuredmedia":[{"embeddable":true,"href":"https:\/\/zonaroja.com.mx\/index.php?rest_route=\/wp\/v2\/media\/30077"}],"wp:attachment":[{"href":"https:\/\/zonaroja.com.mx\/index.php?rest_route=%2Fwp%2Fv2%2Fmedia&parent=30076"}],"wp:term":[{"taxonomy":"category","embeddable":true,"href":"https:\/\/zonaroja.com.mx\/index.php?rest_route=%2Fwp%2Fv2%2Fcategories&post=30076"},{"taxonomy":"post_tag","embeddable":true,"href":"https:\/\/zonaroja.com.mx\/index.php?rest_route=%2Fwp%2Fv2%2Ftags&post=30076"}],"curies":[{"name":"wp","href":"https:\/\/api.w.org\/{rel}","templated":true}]}}