{"id":30079,"date":"2021-07-23T17:05:55","date_gmt":"2021-07-23T22:05:55","guid":{"rendered":"http:\/\/www.zonaroja.com.mx\/?p=30079"},"modified":"2021-07-23T17:05:57","modified_gmt":"2021-07-23T22:05:57","slug":"anuncian-realizacion-de-congreso-ciudadano-del-agua-en-oaxaca","status":"publish","type":"post","link":"https:\/\/zonaroja.com.mx\/?p=30079","title":{"rendered":"Anuncian realizaci\u00f3n de Congreso Ciudadano del Agua en Oaxaca"},"content":{"rendered":"\n<p>Evlin Arag\u00f3n\/Zona Roja.<\/p>\n\n\n\n<p>Oaxaca de Ju\u00e1rez, Oax., 23 de julio de 2021.- Organismos de la sociedad civil, con el respaldo del diputado local por Morena, Horacio Sosa Villavicencio, anunciaron la realizaci\u00f3n del Primer Congreso Ciudadano del Agua, con la finalidad de promover el cuidado y aprovechamiento sustentable de este importante recurso natural.<\/p>\n\n\n\n<p>De acuerdo con Gerardo Aldeco Pinelo, presidente del Colectivo Oaxaque\u00f1o de Organizaciones Ambientales (COAO), la intenci\u00f3n es reflexionar sobre la problem\u00e1tica que enfrenta la humanidad en torno al acceso del agua, as\u00ed como los retos que representa su escasez.&nbsp;<\/p>\n\n\n\n<p>Y es que, los c\u00e1lculos realizados por la comunidad ambientalista advierten que la falta de agua se agudizar\u00e1 en los pr\u00f3ximos10 y 20 a\u00f1os en la entidad oaxaque\u00f1a, aunque como se ha visto recientemente en el mundo, las afectaciones por el cambio clim\u00e1tico son ya una realidad.&nbsp;<\/p>\n\n\n\n<p>Por lo anterior, Aldeco Pinelo indic\u00f3 que es urgente plantear proyectos de captaci\u00f3n de agua de lluvia, cosecha de lluvia, infiltraci\u00f3n de agua a los mantos fri\u00e1ticos, el rescate de r\u00edos, entre otros, que permitan afrontar el problema que se avecina, no s\u00f3lo en Oaxaca, sino en todo el pa\u00eds.\u00a0<\/p>\n\n\n\n<figure class=\"wp-block-embed-twitter wp-block-embed is-type-rich is-provider-twitter\"><div class=\"wp-block-embed__wrapper\">\n<div class=\"twitter-tweet\"><blockquote class=\"twitter-tweet\" data-lang=\"es\"><p lang=\"es\" dir=\"ltr\"><a href=\"https:\/\/twitter.com\/hashtag\/ENVIVO?src=hash&amp;ref_src=twsrc%5Etfw\">#ENVIVO<\/a> <br>Oaxaca de Ju\u00e1rez, Oax., 23 de julio de 2021.- Organismos de la sociedad civil y el legislador <a href=\"https:\/\/twitter.com\/HoracioSosaOax?ref_src=twsrc%5Etfw\">@HoracioSosaOax<\/a> invitan al Primer Congreso Ciudadano del Agua en Oaxaca, a fin de promover el cuidado de este recurso. <br>Siga la transmisi\u00f3n:<br>\ud83d\udc47<a href=\"https:\/\/t.co\/guZjYLQqeG\">https:\/\/t.co\/guZjYLQqeG<\/a><\/p>&mdash; Zona Roja Oaxaca (@Zona_Roja_Oax) <a href=\"https:\/\/twitter.com\/Zona_Roja_Oax\/status\/1418609969591631877?ref_src=twsrc%5Etfw\">23 de julio de 2021<\/a><\/blockquote><\/div>\n<\/div><\/figure>\n\n\n\n<p>El Congreso Ciudadano del Agua se llevar\u00e1 a cabo en el mes de noviembre y participar\u00e1n cient\u00edficos y constructores expertos en proyectos de aprovechamiento del agua, sin embargo, ser\u00e1 a partir de este s\u00e1bado que inicia la \u201cRuta del agua\u201d conformada por una serie conferencias previas que inaugurar\u00e1 Enrique Castel\u00e1n Crespo, qui\u00e9n expondr\u00e1 el panorama actual en Oaxaca y M\u00e9xico.&nbsp;<\/p>\n\n\n\n<p>\u201cEs un gran esfuerzo en el que hemos tenido mucha coincidencia con instancias de gobierno que, al igual que nosotros, ven la problem\u00e1tica de manera global y tratamos de hacer acciones en beneficio de todas y todos\u201d, dijo.&nbsp;<\/p>\n\n\n\n<p>Finalmente, y en conjunto, los ambientalistas explicaron que entre m\u00e1s personas se involucren en el cuidado del agua, menos duro ser\u00e1 el embate que traiga consigo la escasez del l\u00edquido, no s\u00f3lo para los seres humanos, sino en beneficio de la flora, fauna y todo el ecosistema.&nbsp;<\/p>\n\n\n\n<p>SUMA DE ESFUERZOS<\/p>\n\n\n\n<p>Por su parte, el diputado local por Morena, Horacio Sosa Villavicencio, asegur\u00f3 que en Oaxaca m\u00e1s 639 mil personas no tiene acceso al agua de ah\u00ed la relevancia de sumar esfuerzos para emprender acciones que, independientemente que puedan atender la problem\u00e1tica actual, puedan hacerlo con miras a futuro.&nbsp;<\/p>\n\n\n\n<p>\u201cEs lamentable que a los gobiernos actuales no les interese el medio ambiente y los r\u00edos, hoy vemos como hay resoluciones judiciales que no son atendidas por parte de las autoridades, por eso es importante escuchar a los especialistas y a la ciudadan\u00eda en general\u201d.<\/p>\n\n\n\n<p>Sosa Villavicencio indic\u00f3 que hay que aprender de los ejercicios comunitarios como los realizados en el Valle de Ocotl\u00e1n y Zimatl\u00e1n, as\u00ed como adaptar otros m\u00e1s que permitan el cuidado y aprovechamiento del vital l\u00edquido.&nbsp;<\/p>\n","protected":false},"excerpt":{"rendered":"<p>Evlin Arag\u00f3n\/Zona Roja. Oaxaca de Ju\u00e1rez, Oax., 23 de julio de 2021.- Organismos de la&hellip;<\/p>\n","protected":false},"author":2,"featured_media":30080,"comment_status":"closed","ping_status":"open","sticky":false,"template":"","format":"standard","meta":{"_lmt_disableupdate":"","_lmt_disable":"","_jetpack_memberships_contains_paid_content":false,"footnotes":""},"categories":[109,52],"tags":[1996,444],"class_list":["post-30079","post","type-post","status-publish","format-standard","has-post-thumbnail","hentry","category-minuto-a-minuto","category-zona-verde","tag-colectivo-de-organizaciones-ambientalistas-del-estado-de-oaxaca","tag-horacio-sosa-villavicencio"],"jetpack_featured_media_url":"https:\/\/zonaroja.com.mx\/wp-content\/uploads\/2021\/07\/Ambientalistas-Congreso-agua.jpg","jetpack_sharing_enabled":true,"_links":{"self":[{"href":"https:\/\/zonaroja.com.mx\/index.php?rest_route=\/wp\/v2\/posts\/30079","targetHints":{"allow":["GET"]}}],"collection":[{"href":"https:\/\/zonaroja.com.mx\/index.php?rest_route=\/wp\/v2\/posts"}],"about":[{"href":"https:\/\/zonaroja.com.mx\/index.php?rest_route=\/wp\/v2\/types\/post"}],"author":[{"embeddable":true,"href":"https:\/\/zonaroja.com.mx\/index.php?rest_route=\/wp\/v2\/users\/2"}],"replies":[{"embeddable":true,"href":"https:\/\/zonaroja.com.mx\/index.php?rest_route=%2Fwp%2Fv2%2Fcomments&post=30079"}],"version-history":[{"count":1,"href":"https:\/\/zonaroja.com.mx\/index.php?rest_route=\/wp\/v2\/posts\/30079\/revisions"}],"predecessor-version":[{"id":30081,"href":"https:\/\/zonaroja.com.mx\/index.php?rest_route=\/wp\/v2\/posts\/30079\/revisions\/30081"}],"wp:featuredmedia":[{"embeddable":true,"href":"https:\/\/zonaroja.com.mx\/index.php?rest_route=\/wp\/v2\/media\/30080"}],"wp:attachment":[{"href":"https:\/\/zonaroja.com.mx\/index.php?rest_route=%2Fwp%2Fv2%2Fmedia&parent=30079"}],"wp:term":[{"taxonomy":"category","embeddable":true,"href":"https:\/\/zonaroja.com.mx\/index.php?rest_route=%2Fwp%2Fv2%2Fcategories&post=30079"},{"taxonomy":"post_tag","embeddable":true,"href":"https:\/\/zonaroja.com.mx\/index.php?rest_route=%2Fwp%2Fv2%2Ftags&post=30079"}],"curies":[{"name":"wp","href":"https:\/\/api.w.org\/{rel}","templated":true}]}}