{"id":3008,"date":"2019-08-12T08:00:48","date_gmt":"2019-08-12T13:00:48","guid":{"rendered":"http:\/\/www.zonaroja.com.mx\/?p=3008"},"modified":"2019-08-11T18:42:44","modified_gmt":"2019-08-11T23:42:44","slug":"piden-a-sedesoh-entregar-uniformes-antes-del-inicio-del-ciclo-escolar","status":"publish","type":"post","link":"https:\/\/zonaroja.com.mx\/?p=3008","title":{"rendered":"Piden a Sedesoh entregar uniformes antes del inicio del ciclo escolar"},"content":{"rendered":"\n<p>Redacci\u00f3n\/Zona\nRoja.<\/p>\n\n\n\n<p>Oaxaca de\nJu\u00e1rez, Oax., 11 de agosto de 2019.- A entregar los uniformes escolares antes\ndel inicio del ciclo escolar, y que adem\u00e1s \u00e9stos sean de buena calidad, pidi\u00f3\nla diputada Magaly Dom\u00ednguez L\u00f3pez.<\/p>\n\n\n\n<p>Asimismo, exhort\u00f3\na la Procuradur\u00eda Federal del Consumidor (Profeco) que realice todas las\nacciones necesarias de monitoreo, supervisi\u00f3n y vigilancia de los precios de\nuniformes y \u00fatiles escolares en los comercios establecidos, con el objetivo de\nque el apoyo que reciben las familias no sea objetos de abusos comerciales.<\/p>\n\n\n\n<p>La entrega de\nlos apoyos \u201cno es una graciosa concesi\u00f3n del gobernante, sino un derecho del\nestudiantado y de sus familias. Y tiene que ser entregado y recibido de manera\ndigna y oportuna, como una obligaci\u00f3n del Gobierno del Estado y como una\ngarant\u00eda de las ciudadanas y los ciudadanos.<\/p>\n\n\n\n<p>\u201cComo un\nfactor que coadyuva en el cumplimiento del derecho a la educaci\u00f3n de las ni\u00f1as\ny ni\u00f1os del estado de Oaxaca, de conformidad con lo ordenado por los art\u00edculos\n100 y 101 de la Ley de Desarrollo Social para el Estado de Oaxaca\u201d, indic\u00f3.<\/p>\n\n\n\n<p>La diputada\npor el Partido Morena present\u00f3 al respecto un punto de acuerdo, que fue turnado\na las comisiones respectivas de la 64 Legislatura para su an\u00e1lisis y dictamen\nrespectivo.<\/p>\n\n\n\n<p>\u201cLos\nuniformes y \u00fatiles escolares no pueden representar una puerta a la corrupci\u00f3n\nen Oaxaca; el Gobierno del Estado, a trav\u00e9s de la Secretar\u00eda de Desarrollo\nSocial y Humano (Sedesoh) que encabeza Yolanda Mart\u00ednez L\u00f3pez, debe garantizar\nla entrega de estos apoyos en tiempo y forma y con la calidad correspondiente\u201d,\nas\u00ed lo se\u00f1al\u00f3 en la exposici\u00f3n de motivos.<\/p>\n\n\n\n<p>Detall\u00f3 que\nen el a\u00f1o 2018, el Gobierno del Estado report\u00f3 la inversi\u00f3n de 500 millones de\npesos para la compra de uniformes y \u00fatiles escolares, sin embargo, estos fueron\nentregados meses despu\u00e9s con una baja calidad que no permiti\u00f3 su funcionalidad,\nas\u00ed lo expres\u00f3 la tambi\u00e9n Presidenta de la Comisi\u00f3n de Derechos Humanos en la\n64 Legislatura.<\/p>\n\n\n\n<p>\u201cLos\nresponsables de familia nos han denunciado que los uniformes no correspond\u00edan a\nla calidad anunciada por el Gobierno del Estado, adem\u00e1s que las tallas eran o\nmuy grandes o muy peque\u00f1as, lo cual no permit\u00eda su uso\u201d, se\u00f1al\u00f3 Magly L\u00f3pez.<\/p>\n","protected":false},"excerpt":{"rendered":"<p>Redacci\u00f3n\/Zona Roja. Oaxaca de Ju\u00e1rez, Oax., 11 de agosto de 2019.- A entregar los uniformes&hellip;<\/p>\n","protected":false},"author":2,"featured_media":2846,"comment_status":"closed","ping_status":"open","sticky":false,"template":"","format":"standard","meta":{"_lmt_disableupdate":"","_lmt_disable":"","_jetpack_memberships_contains_paid_content":false,"footnotes":""},"categories":[109,46],"tags":[192,535],"class_list":["post-3008","post","type-post","status-publish","format-standard","has-post-thumbnail","hentry","category-minuto-a-minuto","category-zona-blanca","tag-diputada-magaly-lopez-dominguez","tag-uniformes-escolares-oaxaca"],"jetpack_featured_media_url":"https:\/\/zonaroja.com.mx\/wp-content\/uploads\/2019\/08\/Feria-del-Regreso-a-clases.jpg","jetpack_sharing_enabled":true,"_links":{"self":[{"href":"https:\/\/zonaroja.com.mx\/index.php?rest_route=\/wp\/v2\/posts\/3008","targetHints":{"allow":["GET"]}}],"collection":[{"href":"https:\/\/zonaroja.com.mx\/index.php?rest_route=\/wp\/v2\/posts"}],"about":[{"href":"https:\/\/zonaroja.com.mx\/index.php?rest_route=\/wp\/v2\/types\/post"}],"author":[{"embeddable":true,"href":"https:\/\/zonaroja.com.mx\/index.php?rest_route=\/wp\/v2\/users\/2"}],"replies":[{"embeddable":true,"href":"https:\/\/zonaroja.com.mx\/index.php?rest_route=%2Fwp%2Fv2%2Fcomments&post=3008"}],"version-history":[{"count":1,"href":"https:\/\/zonaroja.com.mx\/index.php?rest_route=\/wp\/v2\/posts\/3008\/revisions"}],"predecessor-version":[{"id":3009,"href":"https:\/\/zonaroja.com.mx\/index.php?rest_route=\/wp\/v2\/posts\/3008\/revisions\/3009"}],"wp:featuredmedia":[{"embeddable":true,"href":"https:\/\/zonaroja.com.mx\/index.php?rest_route=\/wp\/v2\/media\/2846"}],"wp:attachment":[{"href":"https:\/\/zonaroja.com.mx\/index.php?rest_route=%2Fwp%2Fv2%2Fmedia&parent=3008"}],"wp:term":[{"taxonomy":"category","embeddable":true,"href":"https:\/\/zonaroja.com.mx\/index.php?rest_route=%2Fwp%2Fv2%2Fcategories&post=3008"},{"taxonomy":"post_tag","embeddable":true,"href":"https:\/\/zonaroja.com.mx\/index.php?rest_route=%2Fwp%2Fv2%2Ftags&post=3008"}],"curies":[{"name":"wp","href":"https:\/\/api.w.org\/{rel}","templated":true}]}}