{"id":30086,"date":"2021-07-23T21:30:54","date_gmt":"2021-07-24T02:30:54","guid":{"rendered":"http:\/\/www.zonaroja.com.mx\/?p=30086"},"modified":"2021-07-23T21:30:56","modified_gmt":"2021-07-24T02:30:56","slug":"reanudara-ieepco-computo-de-votos-de-eleccion-en-teposcolula","status":"publish","type":"post","link":"https:\/\/zonaroja.com.mx\/?p=30086","title":{"rendered":"Reanudar\u00e1 IEEPCO c\u00f3mputo de votos de elecci\u00f3n en Teposcolula"},"content":{"rendered":"\n<p>Redacci\u00f3n\/Zona Roja.<\/p>\n\n\n\n<p>Oaxaca de Ju\u00e1rez, Oax., 23 de julio de 2021.- El Consejo General del Instituto Estatal Electoral y de Participaci\u00f3n Ciudadana de Oaxaca (IEEPCO) ratific\u00f3 por un lapso al Consejo Distrital de Asunci\u00f3n Nochixtl\u00e1n, para que d\u00e9 continuidad a la sesi\u00f3n de c\u00f3mputos de San Pedro y San Pablo Teposcolula.<\/p>\n\n\n\n<p>El pasado 6 de junio se llevaron a cabo los comicios para concejales y diputados locales pero en el caso de Teposcolula, gan\u00f3 un candidato no registrado, Adalberto Reyes \u00c1vila, con 891 votos.<\/p>\n\n\n\n<p>La candidata registrada por Morena, Br\u00edgida Santiago Hern\u00e1ndez, obtuvo 483 sufragios.<\/p>\n\n\n\n<p>Sin embargo, la mayor\u00eda de pobladores de dicho municipio de la regi\u00f3n Mixteca se inconform\u00f3 y exig\u00eda el reconocimiento de Reyes \u00c1vila y la respectiva entrega de constancia, lo que motiv\u00f3 la suspensi\u00f3n del proceso municipal.<\/p>\n\n\n\n<p>En un comunicado emitido hoy, el IEEPCO dio a conocer que ratific\u00f3 la designaci\u00f3n de la presidencia, secretar\u00eda y consejer\u00edas del 05 Consejo Distrital, con cabecera en Asunci\u00f3n Nochixtl\u00e1n para el periodo comprendido del 24 al 29 de julio del a\u00f1o en curso.&nbsp;&nbsp;&nbsp;<\/p>\n\n\n\n<p>En el acuerdo IEEPCO-CG-89\/2021, consejeras electorales expusieron que dicha determinaci\u00f3n responde a lo ordenado por el Tribunal Electoral del Estado de Oaxaca (TEEO) en los expedientes RIN-EA\/01\/2021 Y JDC\/209\/2021 y acumulado, por los que orden\u00f3 darle continuaci\u00f3n a la sesi\u00f3n de c\u00f3mputo municipal del municipio de Teposcolula.&nbsp;<\/p>\n\n\n\n<p>Lo anterior con la finalidad de que sea dicho \u00f3rgano colegiado el que realice la continuaci\u00f3n de la sesi\u00f3n de c\u00f3mputo municipal, a efecto de que d\u00e9 cumplimiento a lo mandato por el \u00f3rgano jurisdiccional local.<\/p>\n\n\n\n<p>En ese sentido, instruyeron a la presidenta del Consejo Distrital dar contestaci\u00f3n de manera puntual y concreta a los escritos presentados el 10 y 14 de junio de este a\u00f1o, as\u00ed como ordenar la notificaci\u00f3n correspondiente a m\u00e1s tardar el d\u00eda que programe la continuaci\u00f3n del c\u00f3mputo municipal, e informarlo al TEEO, debiendo tomar en cuenta el plazo establecido por el \u00f3rgano jurisdiccional.<\/p>\n\n\n\n<p>Asimismo, el Consejo Distrital deber\u00e1 convocar a las representaciones de los partidos pol\u00edticos acreditados para tal fin y una vez culminada la sesi\u00f3n de c\u00f3mputo, deber\u00e1 informarlo al Tribunal Electoral dentro del plazo de tres d\u00edas.<\/p>\n","protected":false},"excerpt":{"rendered":"<p>Redacci\u00f3n\/Zona Roja. Oaxaca de Ju\u00e1rez, Oax., 23 de julio de 2021.- El Consejo General del&hellip;<\/p>\n","protected":false},"author":2,"featured_media":30087,"comment_status":"closed","ping_status":"open","sticky":false,"template":"","format":"standard","meta":{"_lmt_disableupdate":"","_lmt_disable":"","_jetpack_memberships_contains_paid_content":false,"footnotes":""},"categories":[109,47],"tags":[2737],"class_list":["post-30086","post","type-post","status-publish","format-standard","has-post-thumbnail","hentry","category-minuto-a-minuto","category-zona-gris","tag-san-pedro-y-san-pablo-teposcolula"],"jetpack_featured_media_url":"https:\/\/zonaroja.com.mx\/wp-content\/uploads\/2021\/07\/Votos-Teposcolula.jpeg","jetpack_sharing_enabled":true,"_links":{"self":[{"href":"https:\/\/zonaroja.com.mx\/index.php?rest_route=\/wp\/v2\/posts\/30086","targetHints":{"allow":["GET"]}}],"collection":[{"href":"https:\/\/zonaroja.com.mx\/index.php?rest_route=\/wp\/v2\/posts"}],"about":[{"href":"https:\/\/zonaroja.com.mx\/index.php?rest_route=\/wp\/v2\/types\/post"}],"author":[{"embeddable":true,"href":"https:\/\/zonaroja.com.mx\/index.php?rest_route=\/wp\/v2\/users\/2"}],"replies":[{"embeddable":true,"href":"https:\/\/zonaroja.com.mx\/index.php?rest_route=%2Fwp%2Fv2%2Fcomments&post=30086"}],"version-history":[{"count":1,"href":"https:\/\/zonaroja.com.mx\/index.php?rest_route=\/wp\/v2\/posts\/30086\/revisions"}],"predecessor-version":[{"id":30088,"href":"https:\/\/zonaroja.com.mx\/index.php?rest_route=\/wp\/v2\/posts\/30086\/revisions\/30088"}],"wp:featuredmedia":[{"embeddable":true,"href":"https:\/\/zonaroja.com.mx\/index.php?rest_route=\/wp\/v2\/media\/30087"}],"wp:attachment":[{"href":"https:\/\/zonaroja.com.mx\/index.php?rest_route=%2Fwp%2Fv2%2Fmedia&parent=30086"}],"wp:term":[{"taxonomy":"category","embeddable":true,"href":"https:\/\/zonaroja.com.mx\/index.php?rest_route=%2Fwp%2Fv2%2Fcategories&post=30086"},{"taxonomy":"post_tag","embeddable":true,"href":"https:\/\/zonaroja.com.mx\/index.php?rest_route=%2Fwp%2Fv2%2Ftags&post=30086"}],"curies":[{"name":"wp","href":"https:\/\/api.w.org\/{rel}","templated":true}]}}