{"id":30089,"date":"2021-07-23T22:14:23","date_gmt":"2021-07-24T03:14:23","guid":{"rendered":"http:\/\/www.zonaroja.com.mx\/?p=30089"},"modified":"2021-07-23T22:14:26","modified_gmt":"2021-07-24T03:14:26","slug":"retrocede-oaxaca-a-semaforo-naranja-por-aumento-de-covid-hoy-357-casos","status":"publish","type":"post","link":"https:\/\/zonaroja.com.mx\/?p=30089","title":{"rendered":"Retrocede Oaxaca a sem\u00e1foro naranja por aumento de Covid; hoy 357 casos"},"content":{"rendered":"\n<p>Redacci\u00f3n\/Zona Roja.<\/p>\n\n\n\n<p>Oaxaca de Ju\u00e1rez, Oax. 23 de julio de 2021.- A partir del 26 de julio al 8 de agosto, el territorio oaxaque\u00f1o estar\u00e1 en color naranja en el Sem\u00e1foro Epidemiol\u00f3gico Nacional, ello a partir del ritmo acelerado que existe en el aumento de positividad activa de contagios de Covid-19, informaron los Servicios de Salud de Oaxaca (SSO).<\/p>\n\n\n\n<p>Ya que, en las \u00faltimas 24 horas, Oaxaca super\u00f3 la barrera de m\u00e1s de mil 600 casos activos, al sumar 151 m\u00e1s que el d\u00eda de ayer, y llegar este viernes a los mil 690 pacientes que enfermaron en los \u00faltimos 14 d\u00edas y quienes pueden contagiar el padecimiento.<\/p>\n\n\n\n<p>Subray\u00f3 que este incremento en el n\u00famero de contagios en etapa de transmisibilidad, hizo a las autoridades tomar medidas para privilegiar la salud de la poblaci\u00f3n y busca reducir la ocurrencia de casos graves de Covid-19, as\u00ed como evitar poner en riesgo la vida de m\u00e1s oaxaque\u00f1as y oaxaque\u00f1o.<\/p>\n\n\n\n<p>En este sentido, precis\u00f3 que al corte de esta jornada, se notific\u00f3 el ingreso hospitalario de 20 nuevos pacientes que presentaron complicaciones a causa del SARS-CoV-2; 13 nosocomios reportaron el 100% de su capacidad, de manera general la red hospitalaria lleg\u00f3 al 49.1% de ocupaci\u00f3n de camas, tras notificar un total de 196 personas internadas.<\/p>\n\n\n\n<p>A la fecha, Oaxaca acumul\u00f3 46 mil 802 personas recuperadas, 52 mil 574 casos positivos y 4 mil 82 defunciones a causa de la patolog\u00eda infecciosa, 12 m\u00e1s que el d\u00eda de ayer.<\/p>\n\n\n\n<p>De igual forma, este viernes se presentaron 357 casos nuevos, distribuidos en 70 municipios de la entidad, siendo los que mayor n\u00famero: Oaxaca de Ju\u00e1rez con 35, Salina Cruz con 30, San Juan Bautista Tuxtepec con 26, San Pedro Mixtepec\u2013Distrito 22-\u00a0 con 21 y Heroica Ciudad de Juchit\u00e1n de Zaragoza con 20.<\/p>\n\n\n\n<figure class=\"wp-block-embed-twitter wp-block-embed is-type-rich is-provider-twitter\"><div class=\"wp-block-embed__wrapper\">\n<div class=\"twitter-tweet\"><blockquote class=\"twitter-tweet\" data-lang=\"es\"><p lang=\"es\" dir=\"ltr\"><a href=\"https:\/\/twitter.com\/hashtag\/%C3%9AltimoMinuto?src=hash&amp;ref_src=twsrc%5Etfw\">#\u00daltimoMinuto<\/a><br>En <a href=\"https:\/\/twitter.com\/hashtag\/Oaxaca?src=hash&amp;ref_src=twsrc%5Etfw\">#Oaxaca<\/a> tampoco cede el Covid: los Servicios de Salud reportan este viernes 357 casos positivos, para un acumulado de 52 mil 574 casos confirmados.<br>Adem\u00e1s, 12 decesos, con lo que suman 4 mil 82 fallecimientos.<br>Hay 13 hospitales llenos de pacientes con el virus. <a href=\"https:\/\/t.co\/jNNrbiX4uX\">pic.twitter.com\/jNNrbiX4uX<\/a><\/p>&mdash; Zona Roja Oaxaca (@Zona_Roja_Oax) <a href=\"https:\/\/twitter.com\/Zona_Roja_Oax\/status\/1418744878893305857?ref_src=twsrc%5Etfw\">24 de julio de 2021<\/a><\/blockquote><\/div>\n<\/div><\/figure>\n\n\n\n<p>Por Jurisdicci\u00f3n Sanitaria, Valles Centrales contabiliz\u00f3 34 mil 92 acumulados y mil 932 defunciones, Istmo 5 mil 943 y 828 defunciones, Tuxtepec 3 mil 216 y 358 defunciones, Costa 3 mil 229 y 324 defunciones, Mixteca 4 mil 264 y 412 defunciones, Sierra mil 830 y 228 defunciones.<\/p>\n\n\n\n<p>La dependencia indic\u00f3 que, a diferencia de las dos primeras olas epid\u00e9micas en la entidad, actualmente la incidencia m\u00e1s alta la concentran los j\u00f3venes adultos, por ello convoc\u00f3 principalmente a este sector de la poblaci\u00f3n a evitar asistir o realizar fiestas y reuniones, as\u00ed como salidas innecesarias y reducir la movilidad para poder contener el incremento de casos.<\/p>\n\n\n\n<p>Finalmente, record\u00f3 a la poblaci\u00f3n que el color naranja en el Sem\u00e1foro Epidemiol\u00f3gico, significa \u201calto riesgo de contagio\u201d, lo que permite realizar las actividades econ\u00f3micas esenciales, y las no esenciales con un aforo del 50% en espacios cerrados y abiertos para su funcionamiento, aplicando en todo momento las medidas de sana distancia, protocolos de higiene y el uso obligatorio de cubrebocas para todas las personas.<\/p>\n\n\n\n<p>(Comunicado)<\/p>\n","protected":false},"excerpt":{"rendered":"<p>Redacci\u00f3n\/Zona Roja. Oaxaca de Ju\u00e1rez, Oax. 23 de julio de 2021.- A partir del 26&hellip;<\/p>\n","protected":false},"author":2,"featured_media":30090,"comment_status":"closed","ping_status":"open","sticky":false,"template":"","format":"standard","meta":{"_lmt_disableupdate":"","_lmt_disable":"","_jetpack_memberships_contains_paid_content":false,"footnotes":""},"categories":[109,47],"tags":[1512],"class_list":["post-30089","post","type-post","status-publish","format-standard","has-post-thumbnail","hentry","category-minuto-a-minuto","category-zona-gris","tag-coronavirus-oaxaca"],"jetpack_featured_media_url":"https:\/\/zonaroja.com.mx\/wp-content\/uploads\/2021\/07\/23-de-julio-de-2021.-Comunicado-Tecnico.jpg","jetpack_sharing_enabled":true,"_links":{"self":[{"href":"https:\/\/zonaroja.com.mx\/index.php?rest_route=\/wp\/v2\/posts\/30089","targetHints":{"allow":["GET"]}}],"collection":[{"href":"https:\/\/zonaroja.com.mx\/index.php?rest_route=\/wp\/v2\/posts"}],"about":[{"href":"https:\/\/zonaroja.com.mx\/index.php?rest_route=\/wp\/v2\/types\/post"}],"author":[{"embeddable":true,"href":"https:\/\/zonaroja.com.mx\/index.php?rest_route=\/wp\/v2\/users\/2"}],"replies":[{"embeddable":true,"href":"https:\/\/zonaroja.com.mx\/index.php?rest_route=%2Fwp%2Fv2%2Fcomments&post=30089"}],"version-history":[{"count":1,"href":"https:\/\/zonaroja.com.mx\/index.php?rest_route=\/wp\/v2\/posts\/30089\/revisions"}],"predecessor-version":[{"id":30091,"href":"https:\/\/zonaroja.com.mx\/index.php?rest_route=\/wp\/v2\/posts\/30089\/revisions\/30091"}],"wp:featuredmedia":[{"embeddable":true,"href":"https:\/\/zonaroja.com.mx\/index.php?rest_route=\/wp\/v2\/media\/30090"}],"wp:attachment":[{"href":"https:\/\/zonaroja.com.mx\/index.php?rest_route=%2Fwp%2Fv2%2Fmedia&parent=30089"}],"wp:term":[{"taxonomy":"category","embeddable":true,"href":"https:\/\/zonaroja.com.mx\/index.php?rest_route=%2Fwp%2Fv2%2Fcategories&post=30089"},{"taxonomy":"post_tag","embeddable":true,"href":"https:\/\/zonaroja.com.mx\/index.php?rest_route=%2Fwp%2Fv2%2Ftags&post=30089"}],"curies":[{"name":"wp","href":"https:\/\/api.w.org\/{rel}","templated":true}]}}