{"id":30098,"date":"2021-07-24T07:39:07","date_gmt":"2021-07-24T12:39:07","guid":{"rendered":"http:\/\/www.zonaroja.com.mx\/?p=30098"},"modified":"2021-07-24T07:39:10","modified_gmt":"2021-07-24T12:39:10","slug":"ratifican-acuerdo-para-regreso-manana-de-triquis-a-tierra-blanca-copala","status":"publish","type":"post","link":"https:\/\/zonaroja.com.mx\/?p=30098","title":{"rendered":"Ratifican acuerdo para regreso ma\u00f1ana de triquis a Tierra Blanca Copala"},"content":{"rendered":"\n<p>Redacci\u00f3n\/Zona Roja.<\/p>\n\n\n\n<p>Oaxaca de Ju\u00e1rez, Oax., 24 de julio de 2021.- La Secretar\u00eda de Gobernaci\u00f3n, el Gobierno del Estado de Oaxaca y representantes de ind\u00edgenas triquis desplazados ratificaron ayer el acuerdo de retorno a Tierra Blanca Copala, Santiago Juxtlahuaca, ma\u00f1ana domingo.<\/p>\n\n\n\n<p>Este viernes, en el Palacio de Gobierno las sostuvieron una reuni\u00f3n de trabajo, en la que participaron de manera virtual el titular de la Subsecretar\u00eda de Derechos Humanos de Gobernaci\u00f3n, Alejandro Encinas, y el gobernador Alejandro Murat.<\/p>\n\n\n\n<p>En su intervenci\u00f3n, el asesor del subsecretario de Derechos Humanos, Poblaci\u00f3n y Migraci\u00f3n de la Segob, Neftal\u00ed Granados Gonz\u00e1lez, inform\u00f3 que en el censo realizado se han reconocido 137 familias con credenciales expedidas por el INE.<\/p>\n\n\n\n<p>\u201cLa exigencia es v\u00e1lida para regresar a su comunidad y ya est\u00e1n dadas las condiciones, solo se debe definir la ruta para un retorno seguro a sus hogares este fin de semana\u201d, enfatiz\u00f3 Murat Hinojosa al destacar que este representa el primer paso para una paz duradera en toda la regi\u00f3n y poco a poco se pueda responder a sus demandas hist\u00f3ricas con acciones y programas de gobierno que permitan atender las necesidades que tienen los pueblos de la zona.<\/p>\n\n\n\n<p>Asimismo, el mandatario fue enf\u00e1tico al destacar que rechaza cualquier acci\u00f3n que vulnere los derechos de terceros, pero respeta y reconoce a todas las organizaciones, por lo que su gobierno est\u00e1 listo para que el domingo regresen a sus hogares.<\/p>\n\n\n\n<p>A su vez, el subsecretario Alejandro Encinas Rodr\u00edguez exhort\u00f3 a los representantes de la comunidad de Tierra Blanca conjuntar esfuerzos que permitan tomar conciencia sobre la importancia de que la comunidad viva en paz, por lo que se trabajar\u00e1 por garantizar un regreso seguro a casa.<\/p>\n\n\n\n<p>\u201cLamentablemente, hubo muchas personas que tuvieron que abandonar su hogar por los actos de violencia en el pasado, pero lograremos encontrar la ruta que garantice las condiciones y este acuerdo sea un \u00e9xito\u201d, coment\u00f3 el funcionario federal al reiterar al pueblo triqui que el objetivo principal es establecer un acuerdo de reconciliaci\u00f3n con la mirada hacia delante.<\/p>\n\n\n\n<p>Para ello- dijo- es importante poner como prioridad la tranquilidad de las familias, mujeres, ni\u00f1as y ni\u00f1os triquis que no merecen permanecer en una situaci\u00f3n de tensi\u00f3n permanente ni mucho menos de violencia.<\/p>\n\n\n\n<p>\u201cA nombre del Gobierno de M\u00e9xico y del presidente de la rep\u00fablica, Andr\u00e9s Manuel L\u00f3pez Obrador, se les reitera este exhorto para lograr el entendimiento y la reconciliaci\u00f3n lo m\u00e1s pronto posible y podamos recuperar condiciones dignas para establecer nuestra vida cotidiana con nuestras familias\u201d, sostuvo el funcionario federal.<\/p>\n\n\n\n<p>En la reuni\u00f3n participaron representantes de ind\u00edgenas triquis, as\u00ed como el secretario General de Gobierno, Francisco Javier Garc\u00eda L\u00f3pez; el secretario de Seguridad P\u00fablica de Oaxaca, Heliodoro D\u00edaz Esc\u00e1rraga.<\/p>\n\n\n\n<p>La enlace federal de Seguridad, Karina Bar\u00f3n Ortiz; el delegado estatal de la Secretar\u00eda de Gobernaci\u00f3n, Jos\u00e9 Carlos Fuentes Ordaz; el Defensor de los Derechos Humanos de los Pueblos de Oaxaca, Bernardo Rodr\u00edguez Alamilla; el subsecretario de Gobierno de la Segego, Carlos Alberto Ramos Arag\u00f3n.<\/p>\n\n\n\n<p>El vicefiscal general Zona Centro de la Fiscal\u00eda General del Estado, Alejandro Magno Gonz\u00e1lez Antonio; el Coordinador de Asesores del Fiscal General del Estado, Dar\u00edo L\u00f3pez Matadamas; la Coordinadora para la Atenci\u00f3n de los Derechos Humanos, Norma Reyes Ter\u00e1n y representantes de la Guardia Nacional.<\/p>\n","protected":false},"excerpt":{"rendered":"<p>Redacci\u00f3n\/Zona Roja. Oaxaca de Ju\u00e1rez, Oax., 24 de julio de 2021.- La Secretar\u00eda de Gobernaci\u00f3n,&hellip;<\/p>\n","protected":false},"author":2,"featured_media":30099,"comment_status":"closed","ping_status":"open","sticky":false,"template":"","format":"standard","meta":{"_lmt_disableupdate":"","_lmt_disable":"","_jetpack_memberships_contains_paid_content":false,"footnotes":""},"categories":[109,47],"tags":[1712],"class_list":["post-30098","post","type-post","status-publish","format-standard","has-post-thumbnail","hentry","category-minuto-a-minuto","category-zona-gris","tag-tierra-blanca-copala"],"jetpack_featured_media_url":"https:\/\/zonaroja.com.mx\/wp-content\/uploads\/2021\/07\/Gobierno-de-Oaxaca-y-Federacio\u0301n-ofrecen-retorno-seguro-a-pobladores-de-la-zona-Triqui-3.jpeg","jetpack_sharing_enabled":true,"_links":{"self":[{"href":"https:\/\/zonaroja.com.mx\/index.php?rest_route=\/wp\/v2\/posts\/30098","targetHints":{"allow":["GET"]}}],"collection":[{"href":"https:\/\/zonaroja.com.mx\/index.php?rest_route=\/wp\/v2\/posts"}],"about":[{"href":"https:\/\/zonaroja.com.mx\/index.php?rest_route=\/wp\/v2\/types\/post"}],"author":[{"embeddable":true,"href":"https:\/\/zonaroja.com.mx\/index.php?rest_route=\/wp\/v2\/users\/2"}],"replies":[{"embeddable":true,"href":"https:\/\/zonaroja.com.mx\/index.php?rest_route=%2Fwp%2Fv2%2Fcomments&post=30098"}],"version-history":[{"count":1,"href":"https:\/\/zonaroja.com.mx\/index.php?rest_route=\/wp\/v2\/posts\/30098\/revisions"}],"predecessor-version":[{"id":30100,"href":"https:\/\/zonaroja.com.mx\/index.php?rest_route=\/wp\/v2\/posts\/30098\/revisions\/30100"}],"wp:featuredmedia":[{"embeddable":true,"href":"https:\/\/zonaroja.com.mx\/index.php?rest_route=\/wp\/v2\/media\/30099"}],"wp:attachment":[{"href":"https:\/\/zonaroja.com.mx\/index.php?rest_route=%2Fwp%2Fv2%2Fmedia&parent=30098"}],"wp:term":[{"taxonomy":"category","embeddable":true,"href":"https:\/\/zonaroja.com.mx\/index.php?rest_route=%2Fwp%2Fv2%2Fcategories&post=30098"},{"taxonomy":"post_tag","embeddable":true,"href":"https:\/\/zonaroja.com.mx\/index.php?rest_route=%2Fwp%2Fv2%2Ftags&post=30098"}],"curies":[{"name":"wp","href":"https:\/\/api.w.org\/{rel}","templated":true}]}}