{"id":30106,"date":"2021-07-24T12:03:38","date_gmt":"2021-07-24T17:03:38","guid":{"rendered":"http:\/\/www.zonaroja.com.mx\/?p=30106"},"modified":"2021-07-24T12:03:41","modified_gmt":"2021-07-24T17:03:41","slug":"insisten-pueblos-indigenas-en-oponerse-a-la-actividad-minera-firman-acuerdo","status":"publish","type":"post","link":"https:\/\/zonaroja.com.mx\/?p=30106","title":{"rendered":"Insisten pueblos ind\u00edgenas en oponerse a la actividad minera; firman acuerdo"},"content":{"rendered":"\n<p>Evlin Arag\u00f3n\/Zona Roja.<\/p>\n\n\n\n<p>Oaxaca de Ju\u00e1rez, Oax., 24 de julio de 2021.- Autoridades comunitarias, agrarias y municipales adheridas al Frente No a la Miner\u00eda, por un futuro de todas y todos, se pronunciaron una vez m\u00e1s a favor de la vida y los territorios, rechazando cualquier tipo de proyecto que ponga en riesgo al medio ambiente y a los pueblos originarios.&nbsp;<\/p>\n\n\n\n<p>As\u00ed lo dieron a conocer en el marco del D\u00eda Estatal de Resistencia contra la Miner\u00eda, que se celebr\u00f3 este jueves 22 de julio, y en donde signaron una serie de acuerdos, dentro de los que se incluye la exigencia a la Secretar\u00eda de Econom\u00eda para no autorizar m\u00e1s concesiones mineras en la entidad e incluso cancelar las ya existentes.&nbsp;<\/p>\n\n\n\n<p>\u201cRatificamos la determinaci\u00f3n tomada en el 2015 para declarar territorio prohibido para actividades mineras en toda la regi\u00f3n de Valles Centrales de Oaxaca y exigimos a la Secretar\u00eda de Econom\u00eda no autorizar m\u00e1s concesiones mineras sobre nuestros territorios\u201d, refirieron en su pronunciamiento.&nbsp;<\/p>\n\n\n\n<p>As\u00ed mismo, se reconocieron como propietarios ancestrales de los recursos naturales y exigieron la cancelaci\u00f3n del proyecto \u201cSan Jos\u00e9\u201d, debido a los da\u00f1os ambientales que ha provocado la empresa canadiense Fortuna Silver, por medio de sus filiales.<\/p>\n\n\n\n<p>Explicaron que, al menos, 80 mil hect\u00e1reas pertenecientes a las comunidades de los Valles Centrales est\u00e1n concesionadas a dicha empresa, por un periodo de 50 a\u00f1os, permiso \u00fanicamente otorgado por la Secretar\u00eda de Econom\u00eda y no por las comunidades, de ah\u00ed que consideran una grave violaci\u00f3n a los derechos humanos de sus habitantes.&nbsp;<\/p>\n\n\n\n<p>Igualmente dieron a conocer que en los \u00faltimos tres a\u00f1os, la empresa ha intentado ampliar sus permisos ante las dependencias federales, situaci\u00f3n que aseguraron no van a permitir debido a los da\u00f1os al aire, la tierra y el agua que ha tra\u00eddo consigo la actividad minera en Oaxaca.&nbsp;<\/p>\n\n\n\n<p>Recordaron que, desde el 2013, firmaron la Declaratoria de Territorio Prohibido para la Miner\u00eda en ejidos y comunidades agrarios de los distritos de Ejutla de Crespo, Tlacolula de Matamoros y Ocotl\u00e1n de Morelos, por medio de la cual manifestaron su rechazo a la industria minera.<\/p>\n\n\n\n<p>Adem\u00e1s, prohibieron a las autoridades agrarias y municipales la autorizaci\u00f3n de permisos para realizar estudios de prospecci\u00f3n, exploraci\u00f3n, explotaci\u00f3n o aprovechamiento que tenga por objeto extraer minerales del subsuelo de sus territorios.&nbsp;<\/p>\n\n\n\n<p>Mientras que, en el 2016, comunidades de los Valles Centrales, Sierra Sur, Costa y Ca\u00f1ada, declararon el 22 de julio D\u00eda Estatal de Resistencia contra la Miner\u00eda, mismo que se fue celebrado con el manifiesto nuevamente en contra de la actividad que tanto da\u00f1o le ha hecho al medio ambiente y a los pueblos.&nbsp;&nbsp;<\/p>\n\n\n\n<p>El Frente No a la Miner\u00eda, por un futuro de todas y todos est\u00e1 conformado por Magdalena Ocotl\u00e1n, Monte del Toro y La Noria de Ortiz, San Nicolas Yaxe, San Martin de los Cansecos, San Mat\u00edas Chilazoa, Santa Catarina Minas, Los Ocotes y El Vergel, as\u00ed como la Coordinadora de los Pueblos Unidos del Valle de Ocotl\u00e1n (COPUVO).<\/p>\n","protected":false},"excerpt":{"rendered":"<p>Evlin Arag\u00f3n\/Zona Roja. Oaxaca de Ju\u00e1rez, Oax., 24 de julio de 2021.- Autoridades comunitarias, agrarias&hellip;<\/p>\n","protected":false},"author":2,"featured_media":30107,"comment_status":"closed","ping_status":"open","sticky":false,"template":"","format":"standard","meta":{"_lmt_disableupdate":"","_lmt_disable":"","_jetpack_memberships_contains_paid_content":false,"footnotes":""},"categories":[109,46],"tags":[],"class_list":["post-30106","post","type-post","status-publish","format-standard","has-post-thumbnail","hentry","category-minuto-a-minuto","category-zona-blanca"],"jetpack_featured_media_url":"https:\/\/zonaroja.com.mx\/wp-content\/uploads\/2021\/07\/Pueblos-contra-la-mineria.jpg","jetpack_sharing_enabled":true,"_links":{"self":[{"href":"https:\/\/zonaroja.com.mx\/index.php?rest_route=\/wp\/v2\/posts\/30106","targetHints":{"allow":["GET"]}}],"collection":[{"href":"https:\/\/zonaroja.com.mx\/index.php?rest_route=\/wp\/v2\/posts"}],"about":[{"href":"https:\/\/zonaroja.com.mx\/index.php?rest_route=\/wp\/v2\/types\/post"}],"author":[{"embeddable":true,"href":"https:\/\/zonaroja.com.mx\/index.php?rest_route=\/wp\/v2\/users\/2"}],"replies":[{"embeddable":true,"href":"https:\/\/zonaroja.com.mx\/index.php?rest_route=%2Fwp%2Fv2%2Fcomments&post=30106"}],"version-history":[{"count":1,"href":"https:\/\/zonaroja.com.mx\/index.php?rest_route=\/wp\/v2\/posts\/30106\/revisions"}],"predecessor-version":[{"id":30108,"href":"https:\/\/zonaroja.com.mx\/index.php?rest_route=\/wp\/v2\/posts\/30106\/revisions\/30108"}],"wp:featuredmedia":[{"embeddable":true,"href":"https:\/\/zonaroja.com.mx\/index.php?rest_route=\/wp\/v2\/media\/30107"}],"wp:attachment":[{"href":"https:\/\/zonaroja.com.mx\/index.php?rest_route=%2Fwp%2Fv2%2Fmedia&parent=30106"}],"wp:term":[{"taxonomy":"category","embeddable":true,"href":"https:\/\/zonaroja.com.mx\/index.php?rest_route=%2Fwp%2Fv2%2Fcategories&post=30106"},{"taxonomy":"post_tag","embeddable":true,"href":"https:\/\/zonaroja.com.mx\/index.php?rest_route=%2Fwp%2Fv2%2Ftags&post=30106"}],"curies":[{"name":"wp","href":"https:\/\/api.w.org\/{rel}","templated":true}]}}