{"id":30116,"date":"2021-07-24T19:38:00","date_gmt":"2021-07-25T00:38:00","guid":{"rendered":"http:\/\/www.zonaroja.com.mx\/?p=30116"},"modified":"2021-07-24T21:27:56","modified_gmt":"2021-07-25T02:27:56","slug":"insiste-amlo-llueva-o-truene-clases-presenciales-reiniciarian-en-agosto","status":"publish","type":"post","link":"https:\/\/zonaroja.com.mx\/?p=30116","title":{"rendered":"Insiste L\u00f3pez Obrador: llueva o truene, clases presenciales reiniciar\u00edan en agosto"},"content":{"rendered":"\n<p>Redacci\u00f3n\/Zona Roja.<\/p>\n\n\n\n<p>Ciudad de M\u00e9xico, 24 de julio de 2021.- M\u00e9xico reanudar\u00e1 las clases presenciales en las escuelas a partir de agosto, llueve, truene o relampaguee, dijo este s\u00e1bado el presidente Andr\u00e9s Manuel L\u00f3pez Obrador desde Boca del R\u00edo, Veracruz, en un evento privado sobre Programas del Bienestar, que no fue transmitido por los canales oficiales ni por redes sociales debido a la veda impuesta por el Instituto Nacional Electoral con motivo de la consulta popular del 1 de agosto pr\u00f3ximo.<\/p>\n\n\n\n<p>\u201cVamos a reiniciar las clases, va a iniciar el nuevo ciclo escolar a finales de agosto, llueve, truene o relampaguee. No vamos a mantener cerradas las escuelas ya fue bastante\u201d, expres\u00f3 el mandatario, quien por la ma\u00f1ana estuvo en la Ciudad de M\u00e9xico.<\/p>\n\n\n\n<p>M\u00e9xico, dijo, es junto con Bangladesh el pa\u00eds que m\u00e1s tiempo lleva con las escuelas cerradas. Y lament\u00f3 que la oposici\u00f3n est\u00e9 en contra del regreso a clases presenciales, pese a que la vacunaci\u00f3n avanza en todo el pa\u00eds.<\/p>\n\n\n\n<p>\u201cComo en todo lo que proponemos, nuestros adversarios siempre dicen \u2018no\u2019. En vez de despertar en \u2018s\u00ed\u2019, despiertan en \u2018no\u2019, pero vamos a prepararnos para regresar a clases, porque nada sustituye las clases presenciales, es bueno el sistema de educaci\u00f3n a distancia, pero no es lo mismo\u201d, apunt\u00f3.<\/p>\n\n\n\n<p>Sobre la vacunaci\u00f3n coment\u00f3 que \u201cen Veracruz vamos a vacunar completo de 18 a\u00f1os en adelante en todos los municipios peque\u00f1os y apartados del estado; en cerca de 100 municipios de los 212, se va a llegar y se va a vacunar a todos\u201d.<\/p>\n\n\n\n<p>Por la ma\u00f1ana, en la Ciudad de M\u00e9xico, el presidente propuso la sustituci\u00f3n de la Organizaci\u00f3n de Estados Americanos (OEA) por un organismo similar a la Uni\u00f3n Europea, \u201cverdaderamente aut\u00f3nomo, no lacayo de nadie, sino mediador a petici\u00f3n y aceptaci\u00f3n de las partes en conflicto\u201d en la regi\u00f3n de Am\u00e9rica Latina.<\/p>\n","protected":false},"excerpt":{"rendered":"<p>Redacci\u00f3n\/Zona Roja. Ciudad de M\u00e9xico, 24 de julio de 2021.- M\u00e9xico reanudar\u00e1 las clases presenciales&hellip;<\/p>\n","protected":false},"author":2,"featured_media":5998,"comment_status":"closed","ping_status":"open","sticky":false,"template":"","format":"standard","meta":{"_lmt_disableupdate":"","_lmt_disable":"","_jetpack_memberships_contains_paid_content":false,"footnotes":""},"categories":[109,47],"tags":[143],"class_list":["post-30116","post","type-post","status-publish","format-standard","has-post-thumbnail","hentry","category-minuto-a-minuto","category-zona-gris","tag-andres-manuel-lopez-obrador"],"jetpack_featured_media_url":"https:\/\/zonaroja.com.mx\/wp-content\/uploads\/2019\/11\/clases.jpg","jetpack_sharing_enabled":true,"_links":{"self":[{"href":"https:\/\/zonaroja.com.mx\/index.php?rest_route=\/wp\/v2\/posts\/30116","targetHints":{"allow":["GET"]}}],"collection":[{"href":"https:\/\/zonaroja.com.mx\/index.php?rest_route=\/wp\/v2\/posts"}],"about":[{"href":"https:\/\/zonaroja.com.mx\/index.php?rest_route=\/wp\/v2\/types\/post"}],"author":[{"embeddable":true,"href":"https:\/\/zonaroja.com.mx\/index.php?rest_route=\/wp\/v2\/users\/2"}],"replies":[{"embeddable":true,"href":"https:\/\/zonaroja.com.mx\/index.php?rest_route=%2Fwp%2Fv2%2Fcomments&post=30116"}],"version-history":[{"count":2,"href":"https:\/\/zonaroja.com.mx\/index.php?rest_route=\/wp\/v2\/posts\/30116\/revisions"}],"predecessor-version":[{"id":30130,"href":"https:\/\/zonaroja.com.mx\/index.php?rest_route=\/wp\/v2\/posts\/30116\/revisions\/30130"}],"wp:featuredmedia":[{"embeddable":true,"href":"https:\/\/zonaroja.com.mx\/index.php?rest_route=\/wp\/v2\/media\/5998"}],"wp:attachment":[{"href":"https:\/\/zonaroja.com.mx\/index.php?rest_route=%2Fwp%2Fv2%2Fmedia&parent=30116"}],"wp:term":[{"taxonomy":"category","embeddable":true,"href":"https:\/\/zonaroja.com.mx\/index.php?rest_route=%2Fwp%2Fv2%2Fcategories&post=30116"},{"taxonomy":"post_tag","embeddable":true,"href":"https:\/\/zonaroja.com.mx\/index.php?rest_route=%2Fwp%2Fv2%2Ftags&post=30116"}],"curies":[{"name":"wp","href":"https:\/\/api.w.org\/{rel}","templated":true}]}}