{"id":30118,"date":"2021-07-24T20:24:06","date_gmt":"2021-07-25T01:24:06","guid":{"rendered":"http:\/\/www.zonaroja.com.mx\/?p=30118"},"modified":"2021-07-24T20:24:09","modified_gmt":"2021-07-25T01:24:09","slug":"contradicen-a-amlo-con-marcha-sigue-escasez-de-medicinas-contra-cancer","status":"publish","type":"post","link":"https:\/\/zonaroja.com.mx\/?p=30118","title":{"rendered":"Contradicen a AMLO con marcha: sigue escasez de medicinas contra c\u00e1ncer"},"content":{"rendered":"\n<p>Redacci\u00f3n\/Zona Roja Cdmx.<\/p>\n\n\n\n<p>Ciudad de M\u00e9xico, 2 de julio de 2021.- Mientras el gobierno de Andr\u00e9s Manuel L\u00f3pez Obrador hab\u00eda negado la escasez de medicina contra el c\u00e1ncer y despu\u00e9s dijo que ya se hicieron compras masivas, padres de familia y sobrevivientes lo desmintieron de nuevo, hoy.<\/p>\n\n\n\n<p>Miles de pacientes procedentes de diversas entidades del pa\u00eds marcharon este s\u00e1bado en la Ciudad de M\u00e9xico contra la persistente escasez de medicinas en el sistema de salud.<\/p>\n\n\n\n<p>Con la consigna \u201cQuimios s\u00ed\u201d, partieron del monumento al \u00c1ngel de la Independencia hacia Paseo de la Reforma y arribaron a la Alameda Central.<\/p>\n\n\n\n<p>El desabastecimiento de medicinas en el sector p\u00fablico ha sido una de las principales cr\u00edticas al actual presidente, Andr\u00e9s Manuel L\u00f3pez Obrador, tras agudizarse en 2019 por los recortes presupuestarios y los cambios en la forma de comprarlos despu\u00e9s de asumir el poder en diciembre de 2018.<\/p>\n\n\n\n<p>Pero apenas el martes, el gobierno afirm\u00f3 resolver el problema tras invertir casi 77 mil millones de pesos en licitaciones propias y con la Oficina de las Naciones Unidas de Servicios para Proyectos (UNOPS).<\/p>\n\n\n\n<p>Sin embargo, los asistentes a la marcha de este s\u00e1bado desmintieron el discurso oficial.<\/p>\n\n\n\n<p>La marcha estuvo organizada por diversas organizaciones como el Movimiento Nacional por la Salud y la Asociaci\u00f3n de Padres de Familia de Ni\u00f1os Enfermos.<\/p>\n\n\n\n<p>Los inconformes criticaron en particular al secretario de Salud, Jorge Alcocer, por minimizar el movimiento, y al subsecretario de Prevenci\u00f3n y Promoci\u00f3n de la Salud, Hugo L\u00f3pez-Gatell, quien ha acusado a las protestas de tendencias \u201cgolpistas\u201d.<\/p>\n\n\n\n<p>La protesta se produce despu\u00e9s de que el jueves un tribunal orden\u00f3 denunciar penalmente ante la Fiscal\u00eda General de la Rep\u00fablica (FGR) al secretario de Salud, Alcocer, y al ahora exsecretario de Hacienda, Arturo Herrera, por desacato para garantizar el abasto de medicamentos contra el c\u00e1ncer.<\/p>\n\n\n\n<p>(Con informaci\u00f3n de Forbes M\u00e9xico)<\/p>\n","protected":false},"excerpt":{"rendered":"<p>Redacci\u00f3n\/Zona Roja Cdmx. Ciudad de M\u00e9xico, 2 de julio de 2021.- Mientras el gobierno de&hellip;<\/p>\n","protected":false},"author":2,"featured_media":30119,"comment_status":"closed","ping_status":"open","sticky":false,"template":"","format":"standard","meta":{"_lmt_disableupdate":"","_lmt_disable":"","_jetpack_memberships_contains_paid_content":false,"footnotes":""},"categories":[109,47],"tags":[143],"class_list":["post-30118","post","type-post","status-publish","format-standard","has-post-thumbnail","hentry","category-minuto-a-minuto","category-zona-gris","tag-andres-manuel-lopez-obrador"],"jetpack_featured_media_url":"https:\/\/zonaroja.com.mx\/wp-content\/uploads\/2021\/07\/Marcha-medicinas-cancer.jpeg","jetpack_sharing_enabled":true,"_links":{"self":[{"href":"https:\/\/zonaroja.com.mx\/index.php?rest_route=\/wp\/v2\/posts\/30118","targetHints":{"allow":["GET"]}}],"collection":[{"href":"https:\/\/zonaroja.com.mx\/index.php?rest_route=\/wp\/v2\/posts"}],"about":[{"href":"https:\/\/zonaroja.com.mx\/index.php?rest_route=\/wp\/v2\/types\/post"}],"author":[{"embeddable":true,"href":"https:\/\/zonaroja.com.mx\/index.php?rest_route=\/wp\/v2\/users\/2"}],"replies":[{"embeddable":true,"href":"https:\/\/zonaroja.com.mx\/index.php?rest_route=%2Fwp%2Fv2%2Fcomments&post=30118"}],"version-history":[{"count":1,"href":"https:\/\/zonaroja.com.mx\/index.php?rest_route=\/wp\/v2\/posts\/30118\/revisions"}],"predecessor-version":[{"id":30120,"href":"https:\/\/zonaroja.com.mx\/index.php?rest_route=\/wp\/v2\/posts\/30118\/revisions\/30120"}],"wp:featuredmedia":[{"embeddable":true,"href":"https:\/\/zonaroja.com.mx\/index.php?rest_route=\/wp\/v2\/media\/30119"}],"wp:attachment":[{"href":"https:\/\/zonaroja.com.mx\/index.php?rest_route=%2Fwp%2Fv2%2Fmedia&parent=30118"}],"wp:term":[{"taxonomy":"category","embeddable":true,"href":"https:\/\/zonaroja.com.mx\/index.php?rest_route=%2Fwp%2Fv2%2Fcategories&post=30118"},{"taxonomy":"post_tag","embeddable":true,"href":"https:\/\/zonaroja.com.mx\/index.php?rest_route=%2Fwp%2Fv2%2Ftags&post=30118"}],"curies":[{"name":"wp","href":"https:\/\/api.w.org\/{rel}","templated":true}]}}