{"id":30121,"date":"2021-07-25T08:24:00","date_gmt":"2021-07-25T13:24:00","guid":{"rendered":"http:\/\/www.zonaroja.com.mx\/?p=30121"},"modified":"2021-07-24T20:25:33","modified_gmt":"2021-07-25T01:25:33","slug":"reclusos-mantienen-vivo-el-arte-inauguran-pintando-suenos","status":"publish","type":"post","link":"https:\/\/zonaroja.com.mx\/?p=30121","title":{"rendered":"Reclusos mantienen vivo el arte; inauguran \u201cPintando sue\u00f1os\u201d"},"content":{"rendered":"\n<p>Redacci\u00f3n\/Zona Roja.<\/p>\n\n\n\n<p>Oaxaca de Ju\u00e1rez, Oax., 25 de julio de 2021.- Como parte de las actividades que realizan las Personas Privadas de Libertad (PPL) dentro de los centros penitenciarios de Oaxaca, para una efectiva reinserci\u00f3n social; este fin de semana se inaugur\u00f3 la exposici\u00f3n \u201cPintando sue\u00f1os\u201d, en el Taller Galer\u00eda \u201cLa Buena Impresi\u00f3n\u201d.<\/p>\n\n\n\n<p>Dicha exposici\u00f3n cuenta con obras del taller \u201cGr\u00e1fica Siqueiros\u201d, como la \u201cLoter\u00eda Canera\u201d, que consta de 47 grabados con textos po\u00e9ticos que representan la vida en la c\u00e1rcel, mismas que fueron creadas por 70 personas privadas de su libertad en el centro penitenciario de Etla.<\/p>\n\n\n\n<p>Es importante mencionar que, estos trabajos se han dado a conocer a nivel estatal, nacional y hasta internacionalmente.<\/p>\n\n\n\n<p>Asimismo, en la misma muestra se podr\u00e1n apreciar 14 obras del Taller \u201cLas dos Fridas\u201d, con t\u00e9cnica \u00f3leo sobre tela, acr\u00edlico, pintura, xilograf\u00eda y dibujo, que fueron desarrolladas por 45 mujeres del penal femenil, Tanivet.<\/p>\n\n\n\n<p>En el evento, el titular de la Secretar\u00eda de Seguridad P\u00fablica de Oaxaca, Helidoro D\u00edaz Esc\u00e1rraga, agradeci\u00f3 el apoyo de quienes hicieron posible este tipo de resultados, asimismo mencion\u00f3 que es importante promover este tipo de actividades y reconocer a quienes logran dar este paso para incorporarse a esta expresi\u00f3n art\u00edstica.<\/p>\n\n\n\n<p>Entre los asistentes, tambi\u00e9n estuvieron presentes los artistas oaxaque\u00f1os, Fernando Aceves Humana, Mario Guzm\u00e1n Olivares, Cristopher D\u00edaz, Aler Yescas, Jorge Pech Casanova, Tan\u00eda Boh\u00f3rquez, Jer\u00f3nimo L\u00f3pez Rodr\u00edguez (Dr. Lakra), Francisco Toledo hijo, as\u00ed como, C\u00e9sar Ch\u00e1vez Victoria y V\u00edctor Medina, quien estuvo privado de la libertad y fue ganador de la imagen oficial de la Guelaguetza 2019.<\/p>\n\n\n\n<p>En los centros penitenciarios adem\u00e1s de este tipo de t\u00e9cnicas, se desarrollan actividades como la elaboraci\u00f3n de bolsas artesanales, hamacas, mu\u00f1ecos tejidos, cinturones piteados, muebles de madera, entre otras.<\/p>\n\n\n\n<p>Una vez m\u00e1s se da muestra del trabajo que realiza la Secretar\u00eda de Seguridad Estatal en los diferentes centros penitenciarios del estado, con el objetivo de garantizar la reinserci\u00f3n social efectiva de las personas privadas de libertad; adem\u00e1s que, se mantienen las medidas de sanidad correspondientes,&nbsp; para evitar cualquier tipo de contagio por la Covid-19.<\/p>\n","protected":false},"excerpt":{"rendered":"<p>Redacci\u00f3n\/Zona Roja. Oaxaca de Ju\u00e1rez, Oax., 25 de julio de 2021.- Como parte de las&hellip;<\/p>\n","protected":false},"author":2,"featured_media":30122,"comment_status":"closed","ping_status":"open","sticky":false,"template":"","format":"standard","meta":{"_lmt_disableupdate":"","_lmt_disable":"","_jetpack_memberships_contains_paid_content":false,"footnotes":""},"categories":[109,46],"tags":[175],"class_list":["post-30121","post","type-post","status-publish","format-standard","has-post-thumbnail","hentry","category-minuto-a-minuto","category-zona-blanca","tag-secretaria-de-seguridad-publica-de-oaxaca"],"jetpack_featured_media_url":"https:\/\/zonaroja.com.mx\/wp-content\/uploads\/2021\/07\/Exposicion-reclusorios-SSPO.jpg","jetpack_sharing_enabled":true,"_links":{"self":[{"href":"https:\/\/zonaroja.com.mx\/index.php?rest_route=\/wp\/v2\/posts\/30121","targetHints":{"allow":["GET"]}}],"collection":[{"href":"https:\/\/zonaroja.com.mx\/index.php?rest_route=\/wp\/v2\/posts"}],"about":[{"href":"https:\/\/zonaroja.com.mx\/index.php?rest_route=\/wp\/v2\/types\/post"}],"author":[{"embeddable":true,"href":"https:\/\/zonaroja.com.mx\/index.php?rest_route=\/wp\/v2\/users\/2"}],"replies":[{"embeddable":true,"href":"https:\/\/zonaroja.com.mx\/index.php?rest_route=%2Fwp%2Fv2%2Fcomments&post=30121"}],"version-history":[{"count":1,"href":"https:\/\/zonaroja.com.mx\/index.php?rest_route=\/wp\/v2\/posts\/30121\/revisions"}],"predecessor-version":[{"id":30123,"href":"https:\/\/zonaroja.com.mx\/index.php?rest_route=\/wp\/v2\/posts\/30121\/revisions\/30123"}],"wp:featuredmedia":[{"embeddable":true,"href":"https:\/\/zonaroja.com.mx\/index.php?rest_route=\/wp\/v2\/media\/30122"}],"wp:attachment":[{"href":"https:\/\/zonaroja.com.mx\/index.php?rest_route=%2Fwp%2Fv2%2Fmedia&parent=30121"}],"wp:term":[{"taxonomy":"category","embeddable":true,"href":"https:\/\/zonaroja.com.mx\/index.php?rest_route=%2Fwp%2Fv2%2Fcategories&post=30121"},{"taxonomy":"post_tag","embeddable":true,"href":"https:\/\/zonaroja.com.mx\/index.php?rest_route=%2Fwp%2Fv2%2Ftags&post=30121"}],"curies":[{"name":"wp","href":"https:\/\/api.w.org\/{rel}","templated":true}]}}