{"id":30137,"date":"2021-07-25T07:30:47","date_gmt":"2021-07-25T12:30:47","guid":{"rendered":"http:\/\/www.zonaroja.com.mx\/?p=30137"},"modified":"2021-07-25T07:30:53","modified_gmt":"2021-07-25T12:30:53","slug":"pobladores-de-reyes-mantecon-dicen-no-al-libramiento-sur-de-oaxaca","status":"publish","type":"post","link":"https:\/\/zonaroja.com.mx\/?p=30137","title":{"rendered":"Pobladores de Reyes Mantec\u00f3n dicen no al Libramiento Sur de Oaxaca"},"content":{"rendered":"\n<p>Evlin Arag\u00f3n\/Zona Roja.<\/p>\n\n\n\n<p>Oaxaca de Ju\u00e1rez, Oax., 25 de julio de 2021.-<\/p>\n\n\n\n<p>Habitantes de la agencia Reyes Mantec\u00f3n, del municipio de San Bartolo Coyotepec, se manifestaron en contra del proyecto del Libramiento Sur que propone el gobierno de Oaxaca, raz\u00f3n por la que exigen la realizaci\u00f3n de una consulta al pueblo que, a todas luces, se ver\u00e1 perjudicado con la obra.&nbsp;<\/p>\n\n\n\n<p>As\u00ed lo expuso Florentino S\u00e1nchez Bautista, suplente del presidente del Consejo de Vigilancia del Comisariado Ejidal, quien indic\u00f3 que la comunidad tiene claro el no rotundo al libramiento y est\u00e1n dispuestos a encabezar la lucha en defensa de su territorio.&nbsp;<\/p>\n\n\n\n<p>En este sentido, explic\u00f3 que la obra planteada por las autoridades estatales fragmentaria el manantial de agua que abastece desde hace a\u00f1os a la comunidad, adem\u00e1s que afectar\u00eda la zona que por m\u00e1s de 45 a\u00f1os han reforestado con esfuerzos propios&nbsp;<\/p>\n\n\n\n<p>\u201cEl Gobierno del Estado con este libramiento quiere acabar rotundamente y definitivamente con parte de la reforestaci\u00f3n y lo que es el manantial que es lo que nosotros no le queremos permitir por qu\u00e9 es lo que nos ha dado vida por muchos a\u00f1os\u201d, dijo S\u00e1nchez Bautista.<\/p>\n\n\n\n<p>Dio a conocer que en la parte baja del \u00e1rea reforestada han construido dos presas chicas, con la finalidad de conseguir la captaci\u00f3n de agua para la poblaci\u00f3n, misma que en estos momentos se encuentran llenas debido a la temporada de lluvias, y que se echar\u00edan a perder con el proyecto del libramiento.&nbsp;<\/p>\n\n\n\n<p>Incluso detall\u00f3 han construido zanjas para que el agua de lluvia haga lo propio con los \u00e1rboles que han plantado como parte de su proyecto de reforestaci\u00f3n, todo con recursos propios ya que las autoridades no han mostrado inter\u00e9s alguno en la conservaci\u00f3n y cuidado del medio ambiente.<\/p>\n\n\n\n<p>\u201cNo nos parece justo que el d\u00eda de hoy el Gobierno del Estado, con la mano en la cintura nos quieren quitar lo que nosotros hemos cuidado con tanto esfuerzo y durante tantos a\u00f1os\u201d, manifest\u00f3.<\/p>\n\n\n\n<p>Por \u00faltimo, asegur\u00f3 que no se trata de un capricho oponerse a la obra, por el contrario, representan un esfuerzo por conservar el legado natural que conforman la tierra y el agua para las futuras generaciones.&nbsp;&nbsp;<\/p>\n\n\n\n<p>De acuerdo con el Laboratorio Nacional de Ciencias de la Sostenibilidad (LANCIS), el proyecto del Libramiento Sur de Oaxaca ha sido impulsado desde hace m\u00e1s de diez a\u00f1os, asociado, entre otras cosas a la expansi\u00f3n minera que se dio en los Valles Centrales de Oaxaca a partir del 2006.<\/p>\n\n\n\n<p>En el 2010 los pueblos afectados se organizaron y formaron el Consejo de Pueblos en Defensa de la Tierra y el Territorio, el cual, junto con algunos aliados, ejerci\u00f3 presi\u00f3n suficiente para que el proyecto se cancelara, debido a que el trazo propuesto atravesaba algunas de las tierras m\u00e1s f\u00e9rtiles de los Valles Centrales.&nbsp;<\/p>\n\n\n\n<p>Diez a\u00f1os despu\u00e9s, en el 2020, el proyecto se reactiv\u00f3 y a inicios del 2021 se dio a conocer su Manifestaci\u00f3n de Impacto Ambiental (MIA), la cual fue evaluada y aceptada sin consulta p\u00fablica ambiental a pesar de tener numerosos errores y omisiones.&nbsp;<\/p>\n\n\n\n<p>Aunque el trazo original del libramiento ha sido modificado, para el grupo de expertos del LANCIS contin\u00faa atravesando tierras que son indispensables para la reproducci\u00f3n de la diversidad biol\u00f3gica y cultural de los Valles Centrales, as\u00ed como para garantizar el acceso a la tierra y al territorio, a la autodeterminaci\u00f3n y a otros derechos de los pueblos campesinos e ind\u00edgenas.<\/p>\n\n\n\n<p>LOS AVANCES<\/p>\n\n\n\n<p>De acuerdo con el Fondo Nacional de Infraestructura (Fonadin), del Gobierno de la Rep\u00fablica, en septiembre del a\u00f1o pasado ya autoriz\u00f3 una aportaci\u00f3n del fondo Apoyo No Recuperable como Aportaci\u00f3n por 400 millones de pesos para la obtenci\u00f3n de la Liberaci\u00f3n del Derecho de V\u00eda (LDV) para el Libramiento Sur de Oaxaca, en su primera etapa.<\/p>\n\n\n\n<p>Se trata de la construcci\u00f3n de un tramo carretero tipo A2 de 42 kil\u00f3metros, con un carril en ambos sentidos de 3.5 metros de ancho y acotamientos laterales de 2.5 metros y con tres entronques: \u201cInicio\u201d, \u201cAeropuerto\u201d y \u201cOcotl\u00e1n\u201d.<\/p>\n\n\n\n<p>Comprende tambi\u00e9n la construcci\u00f3n de dos v\u00edas radiales: \u201cLa Raya\u2013Aeropuerto\u201d, de 18.4 kil\u00f3metros, y \u201cLa Y\u2013Ocotl\u00e1n\u201d, de 4.3 kil\u00f3metros, con longitud total de 22.7 kil\u00f3metros, as\u00ed como estructuras de puentes y pasos peatonales.&nbsp;<\/p>\n","protected":false},"excerpt":{"rendered":"<p>Evlin Arag\u00f3n\/Zona Roja. Oaxaca de Ju\u00e1rez, Oax., 25 de julio de 2021.- Habitantes de la&hellip;<\/p>\n","protected":false},"author":2,"featured_media":30138,"comment_status":"closed","ping_status":"open","sticky":false,"template":"","format":"standard","meta":{"_lmt_disableupdate":"","_lmt_disable":"","_jetpack_memberships_contains_paid_content":false,"footnotes":""},"categories":[109,47],"tags":[2815],"class_list":["post-30137","post","type-post","status-publish","format-standard","has-post-thumbnail","hentry","category-minuto-a-minuto","category-zona-gris","tag-libramiento-sur-oaxaca"],"jetpack_featured_media_url":"https:\/\/zonaroja.com.mx\/wp-content\/uploads\/2021\/07\/Libramiento-sur-Oaxaca.jpg","jetpack_sharing_enabled":true,"_links":{"self":[{"href":"https:\/\/zonaroja.com.mx\/index.php?rest_route=\/wp\/v2\/posts\/30137","targetHints":{"allow":["GET"]}}],"collection":[{"href":"https:\/\/zonaroja.com.mx\/index.php?rest_route=\/wp\/v2\/posts"}],"about":[{"href":"https:\/\/zonaroja.com.mx\/index.php?rest_route=\/wp\/v2\/types\/post"}],"author":[{"embeddable":true,"href":"https:\/\/zonaroja.com.mx\/index.php?rest_route=\/wp\/v2\/users\/2"}],"replies":[{"embeddable":true,"href":"https:\/\/zonaroja.com.mx\/index.php?rest_route=%2Fwp%2Fv2%2Fcomments&post=30137"}],"version-history":[{"count":1,"href":"https:\/\/zonaroja.com.mx\/index.php?rest_route=\/wp\/v2\/posts\/30137\/revisions"}],"predecessor-version":[{"id":30139,"href":"https:\/\/zonaroja.com.mx\/index.php?rest_route=\/wp\/v2\/posts\/30137\/revisions\/30139"}],"wp:featuredmedia":[{"embeddable":true,"href":"https:\/\/zonaroja.com.mx\/index.php?rest_route=\/wp\/v2\/media\/30138"}],"wp:attachment":[{"href":"https:\/\/zonaroja.com.mx\/index.php?rest_route=%2Fwp%2Fv2%2Fmedia&parent=30137"}],"wp:term":[{"taxonomy":"category","embeddable":true,"href":"https:\/\/zonaroja.com.mx\/index.php?rest_route=%2Fwp%2Fv2%2Fcategories&post=30137"},{"taxonomy":"post_tag","embeddable":true,"href":"https:\/\/zonaroja.com.mx\/index.php?rest_route=%2Fwp%2Fv2%2Ftags&post=30137"}],"curies":[{"name":"wp","href":"https:\/\/api.w.org\/{rel}","templated":true}]}}