{"id":3014,"date":"2019-08-11T20:52:32","date_gmt":"2019-08-12T01:52:32","guid":{"rendered":"http:\/\/www.zonaroja.com.mx\/?p=3014"},"modified":"2019-08-11T20:52:35","modified_gmt":"2019-08-12T01:52:35","slug":"de-oaxaca-primer-elemento-de-la-guardia-nacional-asesinado","status":"publish","type":"post","link":"https:\/\/zonaroja.com.mx\/?p=3014","title":{"rendered":"De Oaxaca, primer elemento de la Guardia Nacional asesinado"},"content":{"rendered":"\n<p>Redacci\u00f3n\/Zona\nRoja Cdmx.<\/p>\n\n\n\n<p>Ciudad de\nM\u00e9xico, 11 de agosto de 2019.- Como Anastasio Carlos, Teniente de Infanter\u00eda, fue\nidentificado el primer elemento de la Guardia Nacional asesinado ayer en el\nestado de Guanajuato.<\/p>\n\n\n\n<p>La corporaci\u00f3n creada a finales de junio pasado inform\u00f3 que se realizan los tr\u00e1mites necesarios para trasladar el cuerpo trasladado v\u00eda a\u00e9rea a Ciudad Ixtepec, en la regi\u00f3n del Istmo de Tehuantepec.<\/p>\n\n\n\n<figure class=\"wp-block-embed-twitter wp-block-embed is-type-rich is-provider-twitter\"><div class=\"wp-block-embed__wrapper\">\n<div class=\"twitter-tweet\"><blockquote class=\"twitter-tweet\" data-lang=\"es\"><p lang=\"es\" dir=\"ltr\">(1\/3) Tras realizar labores de seguridad en Lomas de Zempoala, Guanajuato, elementos de la <a href=\"https:\/\/twitter.com\/hashtag\/GuardiaNacional?src=hash&amp;ref_src=twsrc%5Etfw\">#GuardiaNacional<\/a> fueron agredidos; un elemento perdi\u00f3 la vida y tres presuntos agresores fueron abatidos.<\/p>&mdash; Secretar\u00eda de Seguridad y Protecci\u00f3n Ciudadana (@SSPCMexico) <a href=\"https:\/\/twitter.com\/SSPCMexico\/status\/1160583916807311360?ref_src=twsrc%5Etfw\">11 de agosto de 2019<\/a><\/blockquote><\/div>\n<\/div><\/figure>\n\n\n\n<p>De acuerdo\ncon la Fiscal\u00eda General del Estado de Guanajuato, durante el enfrentamiento con\npresuntos miembros de la delincuencia organizada, cay\u00f3 herido Anastasio Carlos,\nquien est\u00e1 al mando como comandante operativo de la Guardia Nacional en esa\ndemarcaci\u00f3n.<\/p>\n\n\n\n<p>Los hechos sucedieron en la comunidad de Loma de Zempoala, del municipio de Yuriria; se inform\u00f3 que proteg\u00eda de las balas a una mujer y a su hija menor afuera de una casa de seguridad desde la que se realizaban m\u00faltiples disparos con arma de fuego, cuando fue lesionado; falleci\u00f3 posteriormente en el hospital de Jaral del Progreso.<\/p>\n\n\n\n<figure class=\"wp-block-embed-twitter wp-block-embed is-type-rich is-provider-twitter\"><div class=\"wp-block-embed__wrapper\">\n<div class=\"twitter-tweet\"><blockquote class=\"twitter-tweet\" data-lang=\"es\"><p lang=\"es\" dir=\"ltr\">(2\/3) Se detuvo a ocho personas, entre ellas tres resultaron heridas. Asimismo se aseguraron armas y veh\u00edculos.<\/p>&mdash; Secretar\u00eda de Seguridad y Protecci\u00f3n Ciudadana (@SSPCMexico) <a href=\"https:\/\/twitter.com\/SSPCMexico\/status\/1160583918052995073?ref_src=twsrc%5Etfw\">11 de agosto de 2019<\/a><\/blockquote><\/div>\n<\/div><\/figure>\n\n\n\n<p>El tiroteo\ndur\u00f3 aproximadamente 20 minutos y en el inmueble donde se encontraban los\nagresores se localizaron siete bolsas con cartuchos calibres .223 y 7.62 por\n39, as\u00ed como diversas balas tiradas en el piso y cargadores que corresponden a\nfusiles de asalto. <\/p>\n\n\n\n<p>En los\nhechos perdieron la vida cinco personas m\u00e1s, presuntos delincuentes, que fueron\nidentificados como originarios de Guanajuato, Michoac\u00e1n, Guerrero y Veracruz. <\/p>\n","protected":false},"excerpt":{"rendered":"<p>Redacci\u00f3n\/Zona Roja Cdmx. Ciudad de M\u00e9xico, 11 de agosto de 2019.- Como Anastasio Carlos, Teniente&hellip;<\/p>\n","protected":false},"author":2,"featured_media":3015,"comment_status":"closed","ping_status":"open","sticky":false,"template":"","format":"standard","meta":{"_lmt_disableupdate":"","_lmt_disable":"","_jetpack_memberships_contains_paid_content":false,"footnotes":""},"categories":[109,51],"tags":[530,58],"class_list":["post-3014","post","type-post","status-publish","format-standard","has-post-thumbnail","hentry","category-minuto-a-minuto","category-zona-roja","tag-matan-a-gurdia-nacional-en-guanajuato","tag-oaxaca"],"jetpack_featured_media_url":"https:\/\/zonaroja.com.mx\/wp-content\/uploads\/2019\/08\/IMG_5623.jpg","jetpack_sharing_enabled":true,"_links":{"self":[{"href":"https:\/\/zonaroja.com.mx\/index.php?rest_route=\/wp\/v2\/posts\/3014","targetHints":{"allow":["GET"]}}],"collection":[{"href":"https:\/\/zonaroja.com.mx\/index.php?rest_route=\/wp\/v2\/posts"}],"about":[{"href":"https:\/\/zonaroja.com.mx\/index.php?rest_route=\/wp\/v2\/types\/post"}],"author":[{"embeddable":true,"href":"https:\/\/zonaroja.com.mx\/index.php?rest_route=\/wp\/v2\/users\/2"}],"replies":[{"embeddable":true,"href":"https:\/\/zonaroja.com.mx\/index.php?rest_route=%2Fwp%2Fv2%2Fcomments&post=3014"}],"version-history":[{"count":1,"href":"https:\/\/zonaroja.com.mx\/index.php?rest_route=\/wp\/v2\/posts\/3014\/revisions"}],"predecessor-version":[{"id":3016,"href":"https:\/\/zonaroja.com.mx\/index.php?rest_route=\/wp\/v2\/posts\/3014\/revisions\/3016"}],"wp:featuredmedia":[{"embeddable":true,"href":"https:\/\/zonaroja.com.mx\/index.php?rest_route=\/wp\/v2\/media\/3015"}],"wp:attachment":[{"href":"https:\/\/zonaroja.com.mx\/index.php?rest_route=%2Fwp%2Fv2%2Fmedia&parent=3014"}],"wp:term":[{"taxonomy":"category","embeddable":true,"href":"https:\/\/zonaroja.com.mx\/index.php?rest_route=%2Fwp%2Fv2%2Fcategories&post=3014"},{"taxonomy":"post_tag","embeddable":true,"href":"https:\/\/zonaroja.com.mx\/index.php?rest_route=%2Fwp%2Fv2%2Ftags&post=3014"}],"curies":[{"name":"wp","href":"https:\/\/api.w.org\/{rel}","templated":true}]}}