{"id":30142,"date":"2021-07-25T08:07:51","date_gmt":"2021-07-25T13:07:51","guid":{"rendered":"http:\/\/www.zonaroja.com.mx\/?p=30142"},"modified":"2021-07-25T08:07:54","modified_gmt":"2021-07-25T13:07:54","slug":"ejecutan-a-taxista-en-salina-cruz-oaxaca-este-domingo","status":"publish","type":"post","link":"https:\/\/zonaroja.com.mx\/?p=30142","title":{"rendered":"Ejecutan a taxista en Salina Cruz, Oaxaca, este domingo"},"content":{"rendered":"\n<p>Redacci\u00f3n\/Zona Roja.<\/p>\n\n\n\n<p>Oaxaca de Ju\u00e1rez, Oax., 25 de julio de 2021.- Un taxista fue ejecutado la madrugada de este domingo en Salina Cruz, municipio de la regi\u00f3n del Istmo de Tehuantepec, Oaxaca.<\/p>\n\n\n\n<p>De acuerdo con los primeros reportes policiacos, el chofer de la unidad de servicio de alquiler fue acribillado alrededor de las 01:00 horas en un autolavado de nombre \u201cLa Rampa\u201d, ubicado en la colonia Hidalgo Oriente.<\/p>\n\n\n\n<p>De manera preliminar, se inform\u00f3 que la v\u00edctima fue identificada como Juan Antonio Garc\u00eda Le\u00f3n, de aproximadamente 25 a\u00f1os de edad.<\/p>\n\n\n\n<p>Personal de la polic\u00eda municipal, Polic\u00eda Estatal, Guardia Nacional y Agencia Estatal de Investigaciones arribaron al lugar y pese a patrullajes de b\u00fasqueda, no lograron dar con el o los autores del homicidio.<\/p>\n","protected":false},"excerpt":{"rendered":"<p>Redacci\u00f3n\/Zona Roja. Oaxaca de Ju\u00e1rez, Oax., 25 de julio de 2021.- Un taxista fue ejecutado&hellip;<\/p>\n","protected":false},"author":2,"featured_media":18318,"comment_status":"closed","ping_status":"open","sticky":false,"template":"","format":"standard","meta":{"_lmt_disableupdate":"","_lmt_disable":"","_jetpack_memberships_contains_paid_content":false,"footnotes":""},"categories":[109,51],"tags":[168],"class_list":["post-30142","post","type-post","status-publish","format-standard","has-post-thumbnail","hentry","category-minuto-a-minuto","category-zona-roja","tag-salina-cruz"],"jetpack_featured_media_url":"https:\/\/zonaroja.com.mx\/wp-content\/uploads\/2020\/10\/Escena-del-crimen4.jpg","jetpack_sharing_enabled":true,"_links":{"self":[{"href":"https:\/\/zonaroja.com.mx\/index.php?rest_route=\/wp\/v2\/posts\/30142","targetHints":{"allow":["GET"]}}],"collection":[{"href":"https:\/\/zonaroja.com.mx\/index.php?rest_route=\/wp\/v2\/posts"}],"about":[{"href":"https:\/\/zonaroja.com.mx\/index.php?rest_route=\/wp\/v2\/types\/post"}],"author":[{"embeddable":true,"href":"https:\/\/zonaroja.com.mx\/index.php?rest_route=\/wp\/v2\/users\/2"}],"replies":[{"embeddable":true,"href":"https:\/\/zonaroja.com.mx\/index.php?rest_route=%2Fwp%2Fv2%2Fcomments&post=30142"}],"version-history":[{"count":1,"href":"https:\/\/zonaroja.com.mx\/index.php?rest_route=\/wp\/v2\/posts\/30142\/revisions"}],"predecessor-version":[{"id":30143,"href":"https:\/\/zonaroja.com.mx\/index.php?rest_route=\/wp\/v2\/posts\/30142\/revisions\/30143"}],"wp:featuredmedia":[{"embeddable":true,"href":"https:\/\/zonaroja.com.mx\/index.php?rest_route=\/wp\/v2\/media\/18318"}],"wp:attachment":[{"href":"https:\/\/zonaroja.com.mx\/index.php?rest_route=%2Fwp%2Fv2%2Fmedia&parent=30142"}],"wp:term":[{"taxonomy":"category","embeddable":true,"href":"https:\/\/zonaroja.com.mx\/index.php?rest_route=%2Fwp%2Fv2%2Fcategories&post=30142"},{"taxonomy":"post_tag","embeddable":true,"href":"https:\/\/zonaroja.com.mx\/index.php?rest_route=%2Fwp%2Fv2%2Ftags&post=30142"}],"curies":[{"name":"wp","href":"https:\/\/api.w.org\/{rel}","templated":true}]}}