{"id":30145,"date":"2021-07-25T10:16:17","date_gmt":"2021-07-25T15:16:17","guid":{"rendered":"https:\/\/www.zonaroja.com.mx\/?p=30145"},"modified":"2021-07-25T12:19:46","modified_gmt":"2021-07-25T17:19:46","slug":"aplazan-por-tres-dias-regreso-de-triquis-a-tierra-blanca-copala","status":"publish","type":"post","link":"https:\/\/zonaroja.com.mx\/?p=30145","title":{"rendered":"Aplazan por tres d\u00edas regreso de Triquis a Tierra Blanca Copala"},"content":{"rendered":"\n<p>Redacci\u00f3n \/ Zona Roja.<\/p>\n\n\n\n<p>Oaxaca de Ju\u00e1rez, Oax., a 25 de julio del 2021.- El gobierno de Oaxaca y la Secretar\u00eda de Gobernaci\u00f3n (Segob) determinaron anoche aplazar por tres d\u00edas el regreso de los ind\u00edgenas Triquis a Tierra Blanca Copala, Santiago Juxtlahuaca.<\/p>\n\n\n\n<p>La medida gener\u00f3 inconformidades ayer por la tarde entre un grupo de desplazados que dio una conferencia de prensa frente al Palacio de Bellas Artes de la Ciudad de M\u00e9xico; en el caso de Oaxaca no ha habido ninguna reacci\u00f3n. <\/p>\n\n\n\n<p>El jueves por la madrugada, autoridades estatales y federales acordaron junto con las familias desplazadas, el retorno a Tierra Blanca Copala, de donde salieron en diciembre pasado alrededor de 137 familias v\u00edctimas de la violencia. <\/p>\n\n\n\n<p>Presuntamente ser\u00eda este domingo en que saldr\u00eda la caravana, custodiada por elementos de la Polic\u00eda Estatal y de la Guardia Nacional.<\/p>\n\n\n\n<p><div class=\"twitter-tweet\"><blockquote class=\"twitter-tweet\" data-lang=\"es\"><p lang=\"es\" dir=\"ltr\"><a href=\"https:\/\/twitter.com\/hashtag\/%C3%9AltimoMinuto?src=hash&amp;ref_src=twsrc%5Etfw\">#\u00daltimoMinuto<\/a> <br>A punto de iniciar regreso de Cdmx hacia Tierra Blanca Copala, ind\u00edgenas Triquis denuncian que sin explicaciones, el <a href=\"https:\/\/twitter.com\/GobOax?ref_src=twsrc%5Etfw\">@goboax<\/a> y la <a href=\"https:\/\/twitter.com\/SEGOB_mx?ref_src=twsrc%5Etfw\">@SEGOB_mx<\/a> aplazaron la determinaci\u00f3n. <br>Ser\u00eda el mismo caso para los que saldr\u00edan de Oaxaca ma\u00f1ana. <br>Video: <a href=\"https:\/\/twitter.com\/PdPagina?ref_src=twsrc%5Etfw\">@PdPagina<\/a> <a href=\"https:\/\/twitter.com\/FridaGuerrera2?ref_src=twsrc%5Etfw\">@FridaGuerrera2<\/a> <a href=\"https:\/\/t.co\/ughH6dYQ91\">pic.twitter.com\/ughH6dYQ91<\/a><\/p>&mdash; Zona Roja Oaxaca (@Zona_Roja_Oax) <a href=\"https:\/\/twitter.com\/Zona_Roja_Oax\/status\/1419146472482869248?ref_src=twsrc%5Etfw\">25 de julio de 2021<\/a><\/blockquote><\/div><\/p>\n\n\n\n<p>Sin embargo, el gobierno de Oaxaca les notific\u00f3 anoche que a\u00fan no hab\u00eda las condiciones para el regreso de los desplazados a su comunidad.<\/p>\n\n\n\n<p>El retorno lo hab\u00edan logrado los ind\u00edgenas del Movimiento de Unificaci\u00f3n y Lucha Triqui Independiente (MULTI) luego de tres d\u00edas de bloqueo a la carretera federal 190, Oaxaca-M\u00e9xico, y que deriv\u00f3 la noche del mi\u00e9rcoles en un enfrentamiento con pobladores de localidades vecinas, con saldo de cuatro  personas heridas. <\/p>\n\n\n\n<p>Tras ello, representantes del Gobierno del Estado y de la Secretar\u00eda de Gobernaci\u00f3n  mantuvieron reuniones la madrugada del jueves y el viernes para acordar el regreso a Tierra Blanca, lo cual no se concretar\u00e1 hoy. <\/p>\n","protected":false},"excerpt":{"rendered":"<p>Redacci\u00f3n \/ Zona Roja. Oaxaca de Ju\u00e1rez, Oax., a 25 de julio del 2021.- El&hellip;<\/p>\n","protected":false},"author":2,"featured_media":30144,"comment_status":"closed","ping_status":"open","sticky":false,"template":"","format":"standard","meta":{"_lmt_disableupdate":"","_lmt_disable":"","_jetpack_memberships_contains_paid_content":false,"footnotes":""},"categories":[109,47],"tags":[1712],"class_list":["post-30145","post","type-post","status-publish","format-standard","has-post-thumbnail","hentry","category-minuto-a-minuto","category-zona-gris","tag-tierra-blanca-copala"],"jetpack_featured_media_url":"https:\/\/zonaroja.com.mx\/wp-content\/uploads\/2021\/07\/img_9804.jpg","jetpack_sharing_enabled":true,"_links":{"self":[{"href":"https:\/\/zonaroja.com.mx\/index.php?rest_route=\/wp\/v2\/posts\/30145","targetHints":{"allow":["GET"]}}],"collection":[{"href":"https:\/\/zonaroja.com.mx\/index.php?rest_route=\/wp\/v2\/posts"}],"about":[{"href":"https:\/\/zonaroja.com.mx\/index.php?rest_route=\/wp\/v2\/types\/post"}],"author":[{"embeddable":true,"href":"https:\/\/zonaroja.com.mx\/index.php?rest_route=\/wp\/v2\/users\/2"}],"replies":[{"embeddable":true,"href":"https:\/\/zonaroja.com.mx\/index.php?rest_route=%2Fwp%2Fv2%2Fcomments&post=30145"}],"version-history":[{"count":2,"href":"https:\/\/zonaroja.com.mx\/index.php?rest_route=\/wp\/v2\/posts\/30145\/revisions"}],"predecessor-version":[{"id":30147,"href":"https:\/\/zonaroja.com.mx\/index.php?rest_route=\/wp\/v2\/posts\/30145\/revisions\/30147"}],"wp:featuredmedia":[{"embeddable":true,"href":"https:\/\/zonaroja.com.mx\/index.php?rest_route=\/wp\/v2\/media\/30144"}],"wp:attachment":[{"href":"https:\/\/zonaroja.com.mx\/index.php?rest_route=%2Fwp%2Fv2%2Fmedia&parent=30145"}],"wp:term":[{"taxonomy":"category","embeddable":true,"href":"https:\/\/zonaroja.com.mx\/index.php?rest_route=%2Fwp%2Fv2%2Fcategories&post=30145"},{"taxonomy":"post_tag","embeddable":true,"href":"https:\/\/zonaroja.com.mx\/index.php?rest_route=%2Fwp%2Fv2%2Ftags&post=30145"}],"curies":[{"name":"wp","href":"https:\/\/api.w.org\/{rel}","templated":true}]}}