{"id":30153,"date":"2021-07-25T17:39:52","date_gmt":"2021-07-25T22:39:52","guid":{"rendered":"http:\/\/www.zonaroja.com.mx\/?p=30153"},"modified":"2021-07-25T18:18:42","modified_gmt":"2021-07-25T23:18:42","slug":"confirma-gobierno-que-se-aplaza-retorno-de-triquis-a-tierra-blanca","status":"publish","type":"post","link":"https:\/\/zonaroja.com.mx\/?p=30153","title":{"rendered":"Confirma gobierno que se aplaza retorno de Triquis a Tierra Blanca"},"content":{"rendered":"\n<p>Redacci\u00f3n\/Zona Roja.<\/p>\n\n\n\n<p>Oaxaca de Ju\u00e1rez, Oax. 25 de julio de 2021.- El Gobierno del Estado de Oaxaca confirm\u00f3 el aplazamiento del regreso de ind\u00edgenas triquis a Tierra Blanca Copala, Santiago Juxtlahuaca, que se ten\u00eda programado para hoy, y hasta el momento no hay fecha de regreso de la caravana de desplazados.<\/p>\n\n\n\n<p>En un comunicado, inform\u00f3 que durante una reuni\u00f3n efectuada ayer, se instal\u00f3 una mesa permanente con los habitantes de dicha comunidad &#8211;militantes del Movimiento de Unificaci\u00f3n y Lucha Triqui Independiente (MULTI)&#8211;, con quienes convino un operativo en tres fases, que tampoco tienen fechas de ejecuci\u00f3n.<\/p>\n\n\n\n<p>\u201cPara garantizar que este proceso se realice de manera segura y ordenada, el protocolo de retorno se desarrollar\u00e1 en tres fases; siendo la primera el establecimiento de un operativo de seguridad en la comunidad de Tierra Blanca, a cargo de la Guardia Nacional y la Secretar\u00eda de Seguridad P\u00fablica, junto con una comisi\u00f3n de la Segego, Segob y la Defensor\u00eda de los Derechos Humanos del Pueblo de Oaxaca (DDHPO).<\/p>\n\n\n\n<p>\u201cPosterior al protocolo de seguridad ya instalado en la zona, se iniciar\u00e1 con el proceso de acreditaci\u00f3n de las personas que retornar\u00e1n a esta comunidad, con base en el censo verificado con las credenciales expedidas por el INE.<\/p>\n\n\n\n<p>\u201cFinalmente se activar\u00e1 la tercera fase, la cual consiste en ingresar a Tierra Blanca de una manera segura y ordenada, para ello se instalar\u00e1n filtros de seguridad en la comunidad para garantizar que el proceso se desarrolle en paz\u201d, destac\u00f3 en un comunicado emitid esta tarde.<\/p>\n\n\n\n<p>En previsi\u00f3n de posibles protestas a partir de este lunes, por el retraso en la salida de la caravana, la Secretar\u00eda General de Gobierno (Segego) exhort\u00f3 a dirigentes y militantes de las organizaciones sociales de la zona Triqui, \u201ca conducirse con civilidad, respetar los tiempos que durar\u00e1 el proceso de retorno de las y los habitantes de Tierra Blanca, as\u00ed como mantener el respeto a las personas que retornan y habitan dentro de la comunidad\u201d.<\/p>\n","protected":false},"excerpt":{"rendered":"<p>Redacci\u00f3n\/Zona Roja. Oaxaca de Ju\u00e1rez, Oax. 25 de julio de 2021.- El Gobierno del Estado&hellip;<\/p>\n","protected":false},"author":2,"featured_media":23758,"comment_status":"closed","ping_status":"open","sticky":false,"template":"","format":"standard","meta":{"_lmt_disableupdate":"","_lmt_disable":"","_jetpack_memberships_contains_paid_content":false,"footnotes":""},"categories":[109,47],"tags":[1712],"class_list":["post-30153","post","type-post","status-publish","format-standard","has-post-thumbnail","hentry","category-minuto-a-minuto","category-zona-gris","tag-tierra-blanca-copala"],"jetpack_featured_media_url":"https:\/\/zonaroja.com.mx\/wp-content\/uploads\/2021\/02\/Tierra-Blanca-Copala.jpg","jetpack_sharing_enabled":true,"_links":{"self":[{"href":"https:\/\/zonaroja.com.mx\/index.php?rest_route=\/wp\/v2\/posts\/30153","targetHints":{"allow":["GET"]}}],"collection":[{"href":"https:\/\/zonaroja.com.mx\/index.php?rest_route=\/wp\/v2\/posts"}],"about":[{"href":"https:\/\/zonaroja.com.mx\/index.php?rest_route=\/wp\/v2\/types\/post"}],"author":[{"embeddable":true,"href":"https:\/\/zonaroja.com.mx\/index.php?rest_route=\/wp\/v2\/users\/2"}],"replies":[{"embeddable":true,"href":"https:\/\/zonaroja.com.mx\/index.php?rest_route=%2Fwp%2Fv2%2Fcomments&post=30153"}],"version-history":[{"count":1,"href":"https:\/\/zonaroja.com.mx\/index.php?rest_route=\/wp\/v2\/posts\/30153\/revisions"}],"predecessor-version":[{"id":30154,"href":"https:\/\/zonaroja.com.mx\/index.php?rest_route=\/wp\/v2\/posts\/30153\/revisions\/30154"}],"wp:featuredmedia":[{"embeddable":true,"href":"https:\/\/zonaroja.com.mx\/index.php?rest_route=\/wp\/v2\/media\/23758"}],"wp:attachment":[{"href":"https:\/\/zonaroja.com.mx\/index.php?rest_route=%2Fwp%2Fv2%2Fmedia&parent=30153"}],"wp:term":[{"taxonomy":"category","embeddable":true,"href":"https:\/\/zonaroja.com.mx\/index.php?rest_route=%2Fwp%2Fv2%2Fcategories&post=30153"},{"taxonomy":"post_tag","embeddable":true,"href":"https:\/\/zonaroja.com.mx\/index.php?rest_route=%2Fwp%2Fv2%2Ftags&post=30153"}],"curies":[{"name":"wp","href":"https:\/\/api.w.org\/{rel}","templated":true}]}}