{"id":30163,"date":"2021-07-26T06:51:31","date_gmt":"2021-07-26T11:51:31","guid":{"rendered":"http:\/\/www.zonaroja.com.mx\/?p=30163"},"modified":"2021-07-26T06:51:35","modified_gmt":"2021-07-26T11:51:35","slug":"entra-oaxaca-a-semaforo-naranja-en-una-semana-1683-positivos-y-58-muertes","status":"publish","type":"post","link":"https:\/\/zonaroja.com.mx\/?p=30163","title":{"rendered":"Entra Oaxaca a sem\u00e1foro naranja; en una semana, 1,683 positivos y 58 muertes"},"content":{"rendered":"\n<p>Redacci\u00f3n\/Zona Roja.<\/p>\n\n\n\n<p>Oaxaca de Ju\u00e1rez, Oax., 26 de julio de 2021.- En una semana, del domingo 18 al 24 de julio, Oaxaca registr\u00f3 mil 683 casos positivos &#8211;un promedio de 240 casos diarios&#8211; y 58 muertes, inform\u00f3 la dependencia Servicios de Salud de Oaxaca (SSO), al reconocer que la entidad se encuentra en la tercera ola de Covid-19.<\/p>\n\n\n\n<p>En un comunicado emitido anoche, indic\u00f3 adem\u00e1s que el estado super\u00f3 esta semana las cifras m\u00e1s elevadas en casos activos y existe un repunte acelerado de la pandemia, ante lo cual, convoc\u00f3 de manera en\u00e9rgica a la ciudadan\u00eda a unir esfuerzos una vez m\u00e1s para frenar el avance de la emergencia sanitaria.<\/p>\n\n\n\n<p>\u201cLa entidad empieza a resentir con extrema dureza los efectos de la tercera ola provocada por el SARS-CoV-2, el riesgo de que los hospitales se vean saturados est\u00e1 latente\u201d, dijo en un comunicado.<\/p>\n\n\n\n<p>\u201cLos pr\u00f3ximos d\u00edas ser\u00e1n cruciales para el territorio oaxaque\u00f1o, pues los esfuerzos de las autoridades sanitarias por tratar de mitigar el crecimiento acelerado, no tendr\u00e1 resultados inmediatos, si no se suma a este fin la disciplina ciudadana para la aplicaci\u00f3n de medidas de prevenci\u00f3n\u201d, detall\u00f3.<\/p>\n\n\n\n<p>Explic\u00f3 que durante la semana del 18 al 24 de julio, la entidad registr\u00f3 un acumulado de 52 mil 866 casos confirmados de Covid-19, observando un aumento con respecto a la semana anterior, pasando de mil 414 a mil 683 notificaciones reportadas en este periodo.<\/p>\n\n\n\n<p>Precis\u00f3 que, de acuerdo con las nuevas condiciones sanitarias a nivel federal, se determin\u00f3 que a partir de este lunes 26 de julio y, por lo menos hasta el domingo 8 de agosto del presente a\u00f1o, Oaxaca regresar\u00e1 al color naranja en el Sem\u00e1foro Epidemiol\u00f3gico.<\/p>\n\n\n\n<p>Respecto a la red hospitalaria para la atenci\u00f3n de pacientes con la patolog\u00eda viral, dijo que, se registr\u00f3 un aumento del 7.5% en el n\u00famero de hospitalizados en comparaci\u00f3n con la semana anterior, por lo que la ocupaci\u00f3n promedio fue de 47.2%. Asimismo, esta semana se reportaron 58 desafortunados decesos a causa de la enfermedad.<\/p>\n\n\n\n<p>Detall\u00f3 que siguiendo la Estrategia de la Pol\u00edtica Nacional de Vacunaci\u00f3n contra el virus SARS-CoV-2 para la prevenci\u00f3n de la COVID-19 en M\u00e9xico, esta semana se aplicaron m\u00e1s de 60 mil dosis del biol\u00f3gico AstraZeneca, as\u00ed como m\u00e1s de 25 mil de las farmac\u00e9uticas CanSino y SinoVac, as\u00ed como, m\u00e1s de 25 mil dosis del inmunol\u00f3gico Pfizer-BioNTech.<\/p>\n\n\n\n<p>En total en Oaxaca, se ha rebasado la cifra de un mill\u00f3n y medio de dosis aplicadas a la poblaci\u00f3n mayor de 30 a\u00f1os, adem\u00e1s de embarazadas mayores de 18 a\u00f1os a partir de las nueve semanas de gestaci\u00f3n, quienes ya cuentan con el esquema parcial o completo de vacunaci\u00f3n.<\/p>\n","protected":false},"excerpt":{"rendered":"<p>Redacci\u00f3n\/Zona Roja. Oaxaca de Ju\u00e1rez, Oax., 26 de julio de 2021.- En una semana, del&hellip;<\/p>\n","protected":false},"author":2,"featured_media":30164,"comment_status":"closed","ping_status":"open","sticky":false,"template":"","format":"standard","meta":{"_lmt_disableupdate":"","_lmt_disable":"","_jetpack_memberships_contains_paid_content":false,"footnotes":""},"categories":[109,47],"tags":[1512],"class_list":["post-30163","post","type-post","status-publish","format-standard","has-post-thumbnail","hentry","category-minuto-a-minuto","category-zona-gris","tag-coronavirus-oaxaca"],"jetpack_featured_media_url":"https:\/\/zonaroja.com.mx\/wp-content\/uploads\/2021\/07\/Calles-llencas-ciudad-de-Oaxaca-turistas.jpg","jetpack_sharing_enabled":true,"_links":{"self":[{"href":"https:\/\/zonaroja.com.mx\/index.php?rest_route=\/wp\/v2\/posts\/30163","targetHints":{"allow":["GET"]}}],"collection":[{"href":"https:\/\/zonaroja.com.mx\/index.php?rest_route=\/wp\/v2\/posts"}],"about":[{"href":"https:\/\/zonaroja.com.mx\/index.php?rest_route=\/wp\/v2\/types\/post"}],"author":[{"embeddable":true,"href":"https:\/\/zonaroja.com.mx\/index.php?rest_route=\/wp\/v2\/users\/2"}],"replies":[{"embeddable":true,"href":"https:\/\/zonaroja.com.mx\/index.php?rest_route=%2Fwp%2Fv2%2Fcomments&post=30163"}],"version-history":[{"count":1,"href":"https:\/\/zonaroja.com.mx\/index.php?rest_route=\/wp\/v2\/posts\/30163\/revisions"}],"predecessor-version":[{"id":30165,"href":"https:\/\/zonaroja.com.mx\/index.php?rest_route=\/wp\/v2\/posts\/30163\/revisions\/30165"}],"wp:featuredmedia":[{"embeddable":true,"href":"https:\/\/zonaroja.com.mx\/index.php?rest_route=\/wp\/v2\/media\/30164"}],"wp:attachment":[{"href":"https:\/\/zonaroja.com.mx\/index.php?rest_route=%2Fwp%2Fv2%2Fmedia&parent=30163"}],"wp:term":[{"taxonomy":"category","embeddable":true,"href":"https:\/\/zonaroja.com.mx\/index.php?rest_route=%2Fwp%2Fv2%2Fcategories&post=30163"},{"taxonomy":"post_tag","embeddable":true,"href":"https:\/\/zonaroja.com.mx\/index.php?rest_route=%2Fwp%2Fv2%2Ftags&post=30163"}],"curies":[{"name":"wp","href":"https:\/\/api.w.org\/{rel}","templated":true}]}}