{"id":30168,"date":"2021-07-26T08:31:34","date_gmt":"2021-07-26T13:31:34","guid":{"rendered":"http:\/\/www.zonaroja.com.mx\/?p=30168"},"modified":"2021-08-04T07:35:24","modified_gmt":"2021-08-04T12:35:24","slug":"opinion-la-farsa-de-la-consulta-y-la-promocion-politica-de-morenistas","status":"publish","type":"post","link":"https:\/\/zonaroja.com.mx\/?p=30168","title":{"rendered":"Opini\u00f3n. La farsa de la consulta\u2026 y la promoci\u00f3n pol\u00edtica de morenistas"},"content":{"rendered":"\n<p>Ismael Garc\u00eda M.\/Zona Roja.<\/p>\n\n\n\n<p>Oaxaca de Ju\u00e1rez, Oax., 25 de julio de 2021.- A una semana de la cuestionada consulta sobre el juicio a ex presidentes de M\u00e9xico, Santiago Nieto Castillo, titular de la Unidad de Inteligencia Financiera, dependiente de la Secretar\u00eda de Hacienda, lo dijo todo:<\/p>\n\n\n\n<p>\u201cMuchos de los delitos que hubieran cometido los ex presidentes se encuentran prescritos. Por ello, la consulta busca esclarecer los hechos del pasado. Un mandato claro para una \u2018Comisi\u00f3n de la verdad\u2019 en temas de corrupci\u00f3n\u201d, escribi\u00f3 este domingo en su cuenta de Twitter.<\/p>\n\n\n\n<p>Es, por supuesto, una voz autorizada que no descalifica de manera directa la consulta sobre si se lleva o no ante la ley a ex mandatarios, pero claramente precisa que ya no tendr\u00eda caso hacerlo.<\/p>\n\n\n\n<p>El pr\u00f3ximo 1 de agosto, el Instituto Nacional Electoral &#8211;por presiones del Partido Morena y del Presidente Andr\u00e9s Manuel L\u00f3pez Obrador&#8211; efectuar\u00e1 una jornada cuasielectoral, en que se instalar\u00e1n casillas y urnas, hay promoci\u00f3n del voto, habr\u00e1 responsables de casilla y se computar\u00e1 y validar\u00e1 el proceso.<\/p>\n\n\n\n<p>Por eso no se entiende por qu\u00e9 \u00fanicamente militantes del Partido Morena, incluyendo L\u00f3pez Obrador, promocionan esta actividad, pero a\u00fan m\u00e1s, muchos pol\u00edticos de la Cuarta Transformaci\u00f3n lo usan para promover su imagen personal; si no, vean el caso Oaxaca.<\/p>\n\n\n\n<p>EJERCICIO IN\u00c9DITO<\/p>\n\n\n\n<p>Lo que es in\u00e9dito es que por primera vez se lleva a cabo en M\u00e9xico un ejercicio oficial de consulta para toda la poblaci\u00f3n, que tendr\u00e1 un costo de 528 millones de pesos y que es organizado por la autoridad electoral federal.&nbsp;<\/p>\n\n\n\n<p>Est\u00e1n convocados este 1 de agosto los 93 millones de mexicanos que conforman el listado nominal y se espera que participen al menos 37 millones de votantes, es decir el 40 por ciento de inscritos en el padr\u00f3n, para que pueda ser vinculante, es decir, para que la autoridad federal pueda basar en ello la aplicaci\u00f3n de la ley por lo cual se consulta.<\/p>\n\n\n\n<p>Para ello se instalar\u00e1n en todo el pa\u00eds 57 mil mesas receptoras, principalmente en los 300 distritos electorales de la Rep\u00fablica Mexicana y en las mesas no habr\u00e1 representantes de partidos pol\u00edticos.<\/p>\n\n\n\n<p>Pero lo que es inaudito es que la pregunta de la consulta, en que palabras m\u00e1s palabras menos, se indagar\u00e1 a los mexicanos si quieren o no, que se enjuicie a los \u00faltimos cinco presidentes de M\u00e9xico: Carlos Salinas de Gortari, Ernesto Zedillo, Vicente Fox Quesada, Felipe Calder\u00f3n y Enrique Pe\u00f1a Nieto.<\/p>\n\n\n\n<p>\u201c\u00bfEst\u00e1s de acuerdo o no en que se lleven a cabo las acciones pertinentes, con apego al marco constitucional y legal, para emprender un proceso de esclarecimiento de las decisiones pol\u00edticas tomadas en los a\u00f1os pasados por los actores pol\u00edticos, encaminado a garantizar la justicia y los derechos de las posibles v\u00edctimas?\u201d, es la pregunta cantinflesca.<\/p>\n\n\n\n<p>Como cantinflesca la calific\u00f3 la semana pasada \u201cThe Economist\u201d, una prestigiada revista brit\u00e1nica, que desnud\u00f3 las contradicciones y galimat\u00edas de la consulta ciudadana.<\/p>\n\n\n\n<p>\u00bfY LA PROMOCI\u00d3N?<\/p>\n\n\n\n<p>Pero m\u00e1s inaudito, insultante al raciocinio, por decir lo menos, es el malabarismo y depredaci\u00f3n electoral que realizan algunos pol\u00edticos, en el caso de Oaxaca, sobre la consulta ciudadana.<\/p>\n\n\n\n<p>Por doquier, sobre bardas, fachadas de casas, puentes peatonales \u2013que son bienes p\u00fablicos&#8211;, calles, carros y dem\u00e1s, se publicita la jornada\u2026 con rostro de aspirantes &nbsp;<\/p>\n\n\n\n<p>Salom\u00f3n Jara por aqu\u00ed, Salom\u00f3n Jara por ac\u00e1; rostro de Salom\u00f3n en toda clase de publicidad; reuniones masivas que no incluyen el uso de cubrebocas y mucho menos la sana distancia.<\/p>\n\n\n\n<p>El senador pretende con ello acrecentar las \u201csimpat\u00edas\u201d a su favor, en su aspiraci\u00f3n a ser candidato a gobernador\u2026 aunque no sea por el Partido Morena.<\/p>\n\n\n\n<p>Es un caso similar el del pol\u00edtico gris, Armando Contreras Castillo, quien fuera secretario de Asuntos Ind\u00edgenas con Ulises Ruiz Ortiz y hoy diputado federal por Morena, quien tambi\u00e9n publicita su imagen en la consulta.<\/p>\n\n\n\n<p>Sin embargo, ni tiene simpat\u00edas ni militancia y mucho menos el respaldo de los cuadros pol\u00edticos morenistas de renombre, salvo el diputado local Ericel G\u00f3mez Nucamendi.<\/p>\n\n\n\n<p>El m\u00e1s reciente, Alberto Esteva Salinas, que nadie sabe cu\u00e1ndo se convirti\u00f3 al morenismo, pero que busca tambi\u00e9n ser candidato a la gubernatura, pese a su desastroso paso como funcionario de Oaxaca, en la \u00e9poca de Gabino Cu\u00e9 Monteagudo.<\/p>\n\n\n\n<p>As\u00ed, nadie en su sano juicio participar\u00eda en una consulta que se prev\u00e9 sea un fracaso. \u00bfA qui\u00e9n se le ocurre consultar a los mexicanos si se le permite, si se le autoriza, aplicar la ley o no? \u00bfQu\u00e9 no para eso est\u00e1n las autoridades y las instituciones, para aplicar la ley? \u00bfEs que cuando lo asalten o cuando asesinen a una persona o cuando nos roben tendremos que consultar a la poblaci\u00f3n si se debe castigar a los delincuentes?<\/p>\n","protected":false},"excerpt":{"rendered":"<p>Ismael Garc\u00eda M.\/Zona Roja. Oaxaca de Ju\u00e1rez, Oax., 25 de julio de 2021.- A una&hellip;<\/p>\n","protected":false},"author":2,"featured_media":7610,"comment_status":"closed","ping_status":"open","sticky":false,"template":"","format":"standard","meta":{"_lmt_disableupdate":"","_lmt_disable":"","_jetpack_memberships_contains_paid_content":false,"footnotes":""},"categories":[456,109,48],"tags":[1353],"class_list":["post-30168","post","type-post","status-publish","format-standard","has-post-thumbnail","hentry","category-columna","category-minuto-a-minuto","category-zona-critica","tag-opinion-zona-critica"],"jetpack_featured_media_url":"https:\/\/zonaroja.com.mx\/wp-content\/uploads\/2020\/01\/Opini\u00f3n-Zona-Cr\u00edtica.jpg","jetpack_sharing_enabled":true,"_links":{"self":[{"href":"https:\/\/zonaroja.com.mx\/index.php?rest_route=\/wp\/v2\/posts\/30168","targetHints":{"allow":["GET"]}}],"collection":[{"href":"https:\/\/zonaroja.com.mx\/index.php?rest_route=\/wp\/v2\/posts"}],"about":[{"href":"https:\/\/zonaroja.com.mx\/index.php?rest_route=\/wp\/v2\/types\/post"}],"author":[{"embeddable":true,"href":"https:\/\/zonaroja.com.mx\/index.php?rest_route=\/wp\/v2\/users\/2"}],"replies":[{"embeddable":true,"href":"https:\/\/zonaroja.com.mx\/index.php?rest_route=%2Fwp%2Fv2%2Fcomments&post=30168"}],"version-history":[{"count":1,"href":"https:\/\/zonaroja.com.mx\/index.php?rest_route=\/wp\/v2\/posts\/30168\/revisions"}],"predecessor-version":[{"id":30169,"href":"https:\/\/zonaroja.com.mx\/index.php?rest_route=\/wp\/v2\/posts\/30168\/revisions\/30169"}],"wp:featuredmedia":[{"embeddable":true,"href":"https:\/\/zonaroja.com.mx\/index.php?rest_route=\/wp\/v2\/media\/7610"}],"wp:attachment":[{"href":"https:\/\/zonaroja.com.mx\/index.php?rest_route=%2Fwp%2Fv2%2Fmedia&parent=30168"}],"wp:term":[{"taxonomy":"category","embeddable":true,"href":"https:\/\/zonaroja.com.mx\/index.php?rest_route=%2Fwp%2Fv2%2Fcategories&post=30168"},{"taxonomy":"post_tag","embeddable":true,"href":"https:\/\/zonaroja.com.mx\/index.php?rest_route=%2Fwp%2Fv2%2Ftags&post=30168"}],"curies":[{"name":"wp","href":"https:\/\/api.w.org\/{rel}","templated":true}]}}